{"id":97882,"date":"2020-09-04T16:32:29","date_gmt":"2020-09-04T20:32:29","guid":{"rendered":"https:\/\/linitiative.ca\/International\/tunisie-le-nouveau-ministre-des-affaires-sociales-prepare-la-rentree\/"},"modified":"2020-09-04T16:32:29","modified_gmt":"2020-09-04T20:32:29","slug":"tunisie-le-nouveau-ministre-des-affaires-sociales-prepare-la-rentree","status":"publish","type":"post","link":"https:\/\/linitiative.ca\/International\/tunisie-le-nouveau-ministre-des-affaires-sociales-prepare-la-rentree\/","title":{"rendered":"Tunisie \u2013 Le nouveau ministre des affaires sociales pr\u00e9pare la rentr\u00e9e"},"content":{"rendered":"<div class=\"post-cont-in left relative\">\n<p>Le nouveau ministre des affaires sociales, Mohamed Trabelsi, a pr\u00e9sid\u00e9, cet apr\u00e8s midi, une r\u00e9union avec les cadres de son d\u00e9partement pour pr\u00e9parer la rentr\u00e9e scolaire.<\/p>\n<div class=\"code-block code-block-1 c3\"><ins class=\"adsbygoogle c2\" data-ad-layout=\"in-article\" data-ad-format=\"fluid\" data-ad-client=\"ca-pub-2102118777505746\" data-ad-slot=\"7301775417\"\/> <\/div>\n<p>Il a \u00e9tudi\u00e9 la contribution de son minist\u00e8re \u00e0 la pr\u00e9vention contre le covid, et a revu les aides sociales qui vont \u00eatre distribu\u00e9es \u00e0 l\u2019occasion de la rentr\u00e9e, aux familles n\u00e9cessiteuses qui se monteront \u00e0 32 millions de DT, en plus du d\u00e9blocage de la somme de 505 millions de DT pour assurer le transport gratuit des enfants de ces familles.<\/p>\n<div class=\"swp_social_panel swp_horizontal_panel swp_flat_fresh swp_default_full_color swp_individual_full_color swp_other_full_color scale-100 scale-\" data-min-width=\"1100\" data-float-color=\"#ffffff\" data-float=\"bottom\" data-float-mobile=\"bottom\" data-transition=\"slide\">\n<div class=\"nc_tweetContainer swp_share_button total_shares total_sharesalt\"><span class=\"swp_count\">1 <span class=\"swp_label\">Partages<\/span><\/span><\/div>\n<\/div>\n<p><strong>Que se passe-t-il en Tunisie?<\/strong><br \/>Nous expliquons sur notre <a href=\"https:\/\/www.youtube.com\/channel\/UCRzypVq0B_yBad5eGrwBx0Q?sub_confirmation=1\" target=\"_blank\" rel=\"noopener noreferrer\">cha\u00eene YouTube<\/a> . <a href=\"https:\/\/www.youtube.com\/channel\/UCRzypVq0B_yBad5eGrwBx0Q?sub_confirmation=1\" target=\"_blank\" rel=\"noopener noreferrer\">Abonnez-vous!<\/a><\/p>\n<div class=\"mvp-org-wrap mvp-org-logo\" itemprop=\"publisher\"><img decoding=\"async\" src=\"https:\/\/www.tunisienumerique.com\/wp-content\/uploads\/2017\/02\/logo_tunisie_numerique.png\"\/><\/div>\n<div class=\"mvp-related-posts left relative\">\n<h4 class=\"post-header\"><span class=\"post-header\">Lire aussi<\/span><\/h4>\n<\/div>\n<div id=\"article-ad\"><ins class=\"adsbygoogle c4\" data-ad-client=\"ca-pub-2102118777505746\" data-ad-slot=\"6513972734\" data-ad-format=\"auto\" data-full-width-responsive=\"true\"\/> <\/div>\n<\/div>\n<div id=\"post-sidebar-wrap\"><ins class=\"adsbygoogle c4\" data-ad-client=\"ca-pub-2102118777505746\" data-ad-slot=\"6168283410\" data-ad-format=\"auto\" data-full-width-responsive=\"true\"\/> <\/div>\n<p>Auteur: LM<br \/>\n<a href=\"https:\/\/www.tunisienumerique.com\/tunisie-le-nouveau-ministre-des-affaires-sociales-prepare-la-rentree\/\">Cliquez ici pour lire l&rsquo;article depuis sa source.<\/a><\/p>\n","protected":false},"excerpt":{"rendered":"<p>Le nouveau ministre des affaires sociales, Mohamed Trabelsi, a pr\u00e9sid\u00e9, cet apr\u00e8s midi, une r\u00e9union avec les cadres de son d\u00e9partement pour pr\u00e9parer la rentr\u00e9e scolaire. Il a \u00e9tudi\u00e9 la contribution de son minist\u00e8re \u00e0 la pr\u00e9vention contre le covid, et a revu les aides sociales qui vont \u00eatre distribu\u00e9es \u00e0 l\u2019occasion de la rentr\u00e9e, [&hellip;]<\/p>\n","protected":false},"author":1789,"featured_media":97883,"comment_status":"closed","ping_status":"closed","sticky":false,"template":"","format":"standard","meta":{"fifu_image_url":"","fifu_image_alt":"","footnotes":""},"categories":[73,55],"tags":[],"class_list":["post-97882","post","type-post","status-publish","format-standard","has-post-thumbnail","hentry","category-actualite","category-tunisie"],"_links":{"self":[{"href":"https:\/\/linitiative.ca\/International\/wp-json\/wp\/v2\/posts\/97882","targetHints":{"allow":["GET"]}}],"collection":[{"href":"https:\/\/linitiative.ca\/International\/wp-json\/wp\/v2\/posts"}],"about":[{"href":"https:\/\/linitiative.ca\/International\/wp-json\/wp\/v2\/types\/post"}],"author":[{"embeddable":true,"href":"https:\/\/linitiative.ca\/International\/wp-json\/wp\/v2\/users\/1789"}],"replies":[{"embeddable":true,"href":"https:\/\/linitiative.ca\/International\/wp-json\/wp\/v2\/comments?post=97882"}],"version-history":[{"count":0,"href":"https:\/\/linitiative.ca\/International\/wp-json\/wp\/v2\/posts\/97882\/revisions"}],"wp:featuredmedia":[{"embeddable":true,"href":"https:\/\/linitiative.ca\/International\/wp-json\/"}],"wp:attachment":[{"href":"https:\/\/linitiative.ca\/International\/wp-json\/wp\/v2\/media?parent=97882"}],"wp:term":[{"taxonomy":"category","embeddable":true,"href":"https:\/\/linitiative.ca\/International\/wp-json\/wp\/v2\/categories?post=97882"},{"taxonomy":"post_tag","embeddable":true,"href":"https:\/\/linitiative.ca\/International\/wp-json\/wp\/v2\/tags?post=97882"}],"curies":[{"name":"wp","href":"https:\/\/api.w.org\/{rel}","templated":true}]}}