{"id":97886,"date":"2020-09-04T17:13:07","date_gmt":"2020-09-04T21:13:07","guid":{"rendered":"https:\/\/linitiative.ca\/International\/tunisie-exclusif-mouvement-dans-le-corps-des-chefs-de-missions-diplomatiques\/"},"modified":"2020-09-04T17:13:07","modified_gmt":"2020-09-04T21:13:07","slug":"tunisie-exclusif-mouvement-dans-le-corps-des-chefs-de-missions-diplomatiques","status":"publish","type":"post","link":"https:\/\/linitiative.ca\/International\/tunisie-exclusif-mouvement-dans-le-corps-des-chefs-de-missions-diplomatiques\/","title":{"rendered":"Tunisie \u2013 EXCLUSIF : Mouvement dans le corps des chefs de missions diplomatiques"},"content":{"rendered":"<div class=\"post-cont-in left relative\">\n<p>Le nouveau chef de la diplomatie tunisienne a sign\u00e9 \u00e0 son premier jour \u00e0 la t\u00eate du d\u00e9partement des affaires \u00e9trang\u00e8res, le mouvement dans le corps des chefs de missions diplomatiques. Ce mouvement a int\u00e9ress\u00e9\u00a0:<\/p>\n<div class=\"code-block code-block-1 c3\"><ins class=\"adsbygoogle c2\" data-ad-layout=\"in-article\" data-ad-format=\"fluid\" data-ad-client=\"ca-pub-2102118777505746\" data-ad-slot=\"7301775417\"\/> <\/div>\n<ol>\n<li>Mohamed Ben Youssef au Caire<\/li>\n<li>Romdhane El Fayedh \u00e0 Alger<\/li>\n<li>Moez Ben Mime \u00e0 Abu Dhabi<\/li>\n<li>Hayet Talbi \u00e0 Stockholm<\/li>\n<li>Fatma Omrani \u00e0 Madrid<\/li>\n<li>Nabil Ammar \u00e0 Bruxelles<\/li>\n<li>Raouf Mradaa \u00e0 Milan<\/li>\n<li>Amel ben Younes \u00e0 Oslo<\/li>\n<li>Riadh Essid \u00e0 New Delhi<\/li>\n<li>Sabri Chaabani \u00e0 Nouakchott<\/li>\n<li>Hanen Tajouri \u00e0 Berlin<\/li>\n<li>Ka\u00efs Kabtni \u00e0 Mascate<\/li>\n<li>Nejmeddine Lakhal de New Delhi \u00e0 Washington<\/li>\n<li>Nabil Hajji d\u2019Alger \u00e0 Khartoum<\/li>\n<li>Imed Hazgui \u00e0 Paris<\/li>\n<li>Hichem Fourati \u00e0 Beyrouth<\/li>\n<li>Noureddine Erray \u00e0 La Valette<\/li>\n<\/ol>\n<div class=\"swp_social_panel swp_horizontal_panel swp_flat_fresh swp_default_full_color swp_individual_full_color swp_other_full_color scale-100 scale-\" data-min-width=\"1100\" data-float-color=\"#ffffff\" data-float=\"bottom\" data-float-mobile=\"bottom\" data-transition=\"slide\">\n<div class=\"nc_tweetContainer swp_share_button total_shares total_sharesalt\"><span class=\"swp_count\">6 <span class=\"swp_label\">Partages<\/span><\/span><\/div>\n<\/div>\n<p><strong>Que se passe-t-il en Tunisie?<\/strong><br \/>Nous expliquons sur notre <a href=\"https:\/\/www.youtube.com\/channel\/UCRzypVq0B_yBad5eGrwBx0Q?sub_confirmation=1\" target=\"_blank\" rel=\"noopener noreferrer\">cha\u00eene YouTube<\/a> . <a href=\"https:\/\/www.youtube.com\/channel\/UCRzypVq0B_yBad5eGrwBx0Q?sub_confirmation=1\" target=\"_blank\" rel=\"noopener noreferrer\">Abonnez-vous!<\/a><\/p>\n<div class=\"mvp-org-wrap mvp-org-logo\" itemprop=\"publisher\"><img decoding=\"async\" src=\"https:\/\/www.tunisienumerique.com\/wp-content\/uploads\/2017\/02\/logo_tunisie_numerique.png\"\/><\/div>\n<div class=\"mvp-related-posts left relative\">\n<h4 class=\"post-header\"><span class=\"post-header\">Lire aussi<\/span><\/h4>\n<\/div>\n<div id=\"article-ad\"><ins class=\"adsbygoogle c4\" data-ad-client=\"ca-pub-2102118777505746\" data-ad-slot=\"6513972734\" data-ad-format=\"auto\" data-full-width-responsive=\"true\"\/> <\/div>\n<\/div>\n<div id=\"post-sidebar-wrap\"><ins class=\"adsbygoogle c4\" data-ad-client=\"ca-pub-2102118777505746\" data-ad-slot=\"6168283410\" data-ad-format=\"auto\" data-full-width-responsive=\"true\"\/> <\/div>\n<p>Auteur: LM<br \/>\n<a href=\"https:\/\/www.tunisienumerique.com\/tunisie-exclusif-mouvement-dans-le-corps-des-chefs-de-missions-diplomatiques\/\">Cliquez ici pour lire l&rsquo;article depuis sa source.<\/a><\/p>\n","protected":false},"excerpt":{"rendered":"<p>Le nouveau chef de la diplomatie tunisienne a sign\u00e9 \u00e0 son premier jour \u00e0 la t\u00eate du d\u00e9partement des affaires \u00e9trang\u00e8res, le mouvement dans le corps des chefs de missions diplomatiques. Ce mouvement a int\u00e9ress\u00e9\u00a0: Mohamed Ben Youssef au Caire Romdhane El Fayedh \u00e0 Alger Moez Ben Mime \u00e0 Abu Dhabi Hayet Talbi \u00e0 Stockholm [&hellip;]<\/p>\n","protected":false},"author":1789,"featured_media":97887,"comment_status":"closed","ping_status":"closed","sticky":false,"template":"","format":"standard","meta":{"fifu_image_url":"","fifu_image_alt":"","footnotes":""},"categories":[73,55],"tags":[],"class_list":["post-97886","post","type-post","status-publish","format-standard","has-post-thumbnail","hentry","category-actualite","category-tunisie"],"_links":{"self":[{"href":"https:\/\/linitiative.ca\/International\/wp-json\/wp\/v2\/posts\/97886","targetHints":{"allow":["GET"]}}],"collection":[{"href":"https:\/\/linitiative.ca\/International\/wp-json\/wp\/v2\/posts"}],"about":[{"href":"https:\/\/linitiative.ca\/International\/wp-json\/wp\/v2\/types\/post"}],"author":[{"embeddable":true,"href":"https:\/\/linitiative.ca\/International\/wp-json\/wp\/v2\/users\/1789"}],"replies":[{"embeddable":true,"href":"https:\/\/linitiative.ca\/International\/wp-json\/wp\/v2\/comments?post=97886"}],"version-history":[{"count":0,"href":"https:\/\/linitiative.ca\/International\/wp-json\/wp\/v2\/posts\/97886\/revisions"}],"wp:featuredmedia":[{"embeddable":true,"href":"https:\/\/linitiative.ca\/International\/wp-json\/"}],"wp:attachment":[{"href":"https:\/\/linitiative.ca\/International\/wp-json\/wp\/v2\/media?parent=97886"}],"wp:term":[{"taxonomy":"category","embeddable":true,"href":"https:\/\/linitiative.ca\/International\/wp-json\/wp\/v2\/categories?post=97886"},{"taxonomy":"post_tag","embeddable":true,"href":"https:\/\/linitiative.ca\/International\/wp-json\/wp\/v2\/tags?post=97886"}],"curies":[{"name":"wp","href":"https:\/\/api.w.org\/{rel}","templated":true}]}}