{"id":97892,"date":"2020-09-04T13:47:53","date_gmt":"2020-09-04T17:47:53","guid":{"rendered":"https:\/\/linitiative.ca\/International\/cameroun-roger-samnig-et-hais-zaiter-de-x-maleya-preparent-le-lancement-dun-nouvel-album-en-octobre-2020\/"},"modified":"2020-09-04T13:47:53","modified_gmt":"2020-09-04T17:47:53","slug":"cameroun-roger-samnig-et-hais-zaiter-de-x-maleya-preparent-le-lancement-dun-nouvel-album-en-octobre-2020","status":"publish","type":"post","link":"https:\/\/linitiative.ca\/International\/cameroun-roger-samnig-et-hais-zaiter-de-x-maleya-preparent-le-lancement-dun-nouvel-album-en-octobre-2020\/","title":{"rendered":"Cameroun: Roger Samnig et Ha\u00efs Zaiter de X-Maleya pr\u00e9parent le lancement d\u2019un nouvel album en octobre 2020"},"content":{"rendered":"<div readability=\"32\">\n<p>Publi\u00e9 le 04.09.2020 \u00e0 18h47 par JournalduCameroun.com<\/p>\n<\/div>\n<div readability=\"56\">\n<h2>L\u2019album, qui s\u2019intitulera \u201cBack to the Root\u201d, revisitera des classiques de la musique camerounaise \u00e0 travers les 10 r\u00e9gions<\/h2>\n<p><span class=\"c6\">Le groupe X-Maleya, qui ne compte plus trois mais deux artistes (<\/span><strong>Roger Samnig<\/strong> <span class=\"c6\">et<\/span> <strong>Ha\u00efs Zaiter<\/strong> <span class=\"c6\">sans<\/span> <strong>Auguste Rim<\/strong><span class=\"c6\">), pr\u00e9voit la sortie, d\u2019ici octobre 2020, d\u2019un nouvel album.\u00a0<\/span><\/p>\n<p><span class=\"c6\">JournalduCameroun.com a appris de source officielle que cet album, qui s\u2019intitulera<\/span> <strong>\u201cBack To The Root\u201d<\/strong> <span class=\"c6\">(retour \u00e0 la racine), revisitera des classiques de la musique camerounaise \u00e0 travers les 10 r\u00e9gions du pays.<\/span><\/p>\n<p><span class=\"c6\">Le 06 octobre, X-Maleya programme la sortie d\u2019un single \u00e9labor\u00e9 dans le cadre de ce projet, en hommage \u00e0<\/span> <strong>Eboa Lotin<\/strong> <span class=\"c6\">\u00e0 l\u2019occasion de la comm\u00e9moration de la mort du virtuose (d\u00e9c\u00e9d\u00e9 le 06 octobre 1997).<\/span><\/p>\n<p><span class=\"c6\">Outre Eboa Lotin, l\u2019album \u201cBack To The Root\u201d revisitera les musiques du groupe Black Styl et d\u2019artistes tels que Essoh Essomba, Pierre Didy Tchakounte, Ali Baba, entre autres.<\/span><\/p>\n<\/div>\n<p>Auteur: Eug\u00e8ne SHEMA<br \/>\n<a href=\"https:\/\/www.journalducameroun.com\/roger-samnig-hais-zaiter-x-maleya-preparent-nouvel-album-oct-2020\/\">Cliquez ici pour lire l&rsquo;article depuis sa source.<\/a><\/p>\n","protected":false},"excerpt":{"rendered":"<p>Publi\u00e9 le 04.09.2020 \u00e0 18h47 par JournalduCameroun.com L\u2019album, qui s\u2019intitulera \u201cBack to the Root\u201d, revisitera des classiques de la musique camerounaise \u00e0 travers les 10 r\u00e9gions Le groupe X-Maleya, qui ne compte plus trois mais deux artistes (Roger Samnig et Ha\u00efs Zaiter sans Auguste Rim), pr\u00e9voit la sortie, d\u2019ici octobre 2020, d\u2019un nouvel album.\u00a0 JournalduCameroun.com [&hellip;]<\/p>\n","protected":false},"author":1965,"featured_media":0,"comment_status":"closed","ping_status":"closed","sticky":false,"template":"","format":"standard","meta":{"fifu_image_url":"","fifu_image_alt":"","footnotes":""},"categories":[73,82],"tags":[],"class_list":["post-97892","post","type-post","status-publish","format-standard","hentry","category-actualite","category-cameroun"],"_links":{"self":[{"href":"https:\/\/linitiative.ca\/International\/wp-json\/wp\/v2\/posts\/97892","targetHints":{"allow":["GET"]}}],"collection":[{"href":"https:\/\/linitiative.ca\/International\/wp-json\/wp\/v2\/posts"}],"about":[{"href":"https:\/\/linitiative.ca\/International\/wp-json\/wp\/v2\/types\/post"}],"author":[{"embeddable":true,"href":"https:\/\/linitiative.ca\/International\/wp-json\/wp\/v2\/users\/1965"}],"replies":[{"embeddable":true,"href":"https:\/\/linitiative.ca\/International\/wp-json\/wp\/v2\/comments?post=97892"}],"version-history":[{"count":0,"href":"https:\/\/linitiative.ca\/International\/wp-json\/wp\/v2\/posts\/97892\/revisions"}],"wp:attachment":[{"href":"https:\/\/linitiative.ca\/International\/wp-json\/wp\/v2\/media?parent=97892"}],"wp:term":[{"taxonomy":"category","embeddable":true,"href":"https:\/\/linitiative.ca\/International\/wp-json\/wp\/v2\/categories?post=97892"},{"taxonomy":"post_tag","embeddable":true,"href":"https:\/\/linitiative.ca\/International\/wp-json\/wp\/v2\/tags?post=97892"}],"curies":[{"name":"wp","href":"https:\/\/api.w.org\/{rel}","templated":true}]}}