{"id":97893,"date":"2020-09-04T14:07:07","date_gmt":"2020-09-04T18:07:07","guid":{"rendered":"https:\/\/linitiative.ca\/International\/cameroun-le-plafond-des-titres-publics-a-emettre-par-le-gouvernement-pour-2020-releve-a-420-milliards-de-f-cfa\/"},"modified":"2020-09-04T14:07:07","modified_gmt":"2020-09-04T18:07:07","slug":"cameroun-le-plafond-des-titres-publics-a-emettre-par-le-gouvernement-pour-2020-releve-a-420-milliards-de-f-cfa","status":"publish","type":"post","link":"https:\/\/linitiative.ca\/International\/cameroun-le-plafond-des-titres-publics-a-emettre-par-le-gouvernement-pour-2020-releve-a-420-milliards-de-f-cfa\/","title":{"rendered":"Cameroun: le plafond des titres publics \u00e0 \u00e9mettre par le gouvernement pour 2020 relev\u00e9 \u00e0 420 milliards de F CFA"},"content":{"rendered":"<div readability=\"32\">\n<p>Publi\u00e9 le 04.09.2020 \u00e0 19h07 par JournalduCameroun.com<\/p>\n<\/div>\n<div readability=\"46\">\n<h2>Rel\u00e8vement autoris\u00e9 par d\u00e9cret pr\u00e9sidentiel. Le recours \u00e0 l\u2019\u00e9mission de titres publics sur le march\u00e9 mon\u00e9taire permet g\u00e9n\u00e9ralement au gouvernement de trouver des ressources pour les projets de d\u00e9veloppement<\/h2>\n<p><span class=\"c6\">Le pr\u00e9sident de la R\u00e9publique du Cameroun,<\/span> <strong>Paul Biya<\/strong><span class=\"c6\">, a autoris\u00e9 le ministre des Finances, par d\u00e9cret sign\u00e9 le 02 septembre, \u00e0 recourir au nom du gouvernement \u00e0 l\u2019\u00e9mission de<\/span> <strong>bons du Tr\u00e9sor<\/strong> <span class=\"c6\">d\u2019un montant maximum de 420 milliards de F CFA pour l\u2019exercice 2020.<\/span><\/p>\n<p><span class=\"c6\">Il s\u2019agit d\u2019une augmentation de 100 milliards de F CFA, par rapport aux 320 milliards de F CFA approuv\u00e9s le 18 mars par le chef de l\u2019Etat.\u00a0<\/span><\/p>\n<p><span class=\"c6\">Le gouvernement camerounais fait r\u00e9guli\u00e8rement recours \u00e0 l\u2019\u00e9mission de titres publics sur le march\u00e9 mon\u00e9taire pour financer les projets infrastructurels et d\u2019autres projets de d\u00e9veloppement pr\u00e9alablement inscrits dans la loi de finances.<\/span><\/p>\n<\/div>\n<p>Auteur: Eug\u00e8ne SHEMA<br \/>\n<a href=\"https:\/\/www.journalducameroun.com\/cameroun-plafond-titres-publics-gouv-2020-releve-a-420-mds\/\">Cliquez ici pour lire l&rsquo;article depuis sa source.<\/a><\/p>\n","protected":false},"excerpt":{"rendered":"<p>Publi\u00e9 le 04.09.2020 \u00e0 19h07 par JournalduCameroun.com Rel\u00e8vement autoris\u00e9 par d\u00e9cret pr\u00e9sidentiel. Le recours \u00e0 l\u2019\u00e9mission de titres publics sur le march\u00e9 mon\u00e9taire permet g\u00e9n\u00e9ralement au gouvernement de trouver des ressources pour les projets de d\u00e9veloppement Le pr\u00e9sident de la R\u00e9publique du Cameroun, Paul Biya, a autoris\u00e9 le ministre des Finances, par d\u00e9cret sign\u00e9 le [&hellip;]<\/p>\n","protected":false},"author":1965,"featured_media":0,"comment_status":"closed","ping_status":"closed","sticky":false,"template":"","format":"standard","meta":{"fifu_image_url":"","fifu_image_alt":"","footnotes":""},"categories":[73,82],"tags":[],"class_list":["post-97893","post","type-post","status-publish","format-standard","hentry","category-actualite","category-cameroun"],"_links":{"self":[{"href":"https:\/\/linitiative.ca\/International\/wp-json\/wp\/v2\/posts\/97893","targetHints":{"allow":["GET"]}}],"collection":[{"href":"https:\/\/linitiative.ca\/International\/wp-json\/wp\/v2\/posts"}],"about":[{"href":"https:\/\/linitiative.ca\/International\/wp-json\/wp\/v2\/types\/post"}],"author":[{"embeddable":true,"href":"https:\/\/linitiative.ca\/International\/wp-json\/wp\/v2\/users\/1965"}],"replies":[{"embeddable":true,"href":"https:\/\/linitiative.ca\/International\/wp-json\/wp\/v2\/comments?post=97893"}],"version-history":[{"count":0,"href":"https:\/\/linitiative.ca\/International\/wp-json\/wp\/v2\/posts\/97893\/revisions"}],"wp:attachment":[{"href":"https:\/\/linitiative.ca\/International\/wp-json\/wp\/v2\/media?parent=97893"}],"wp:term":[{"taxonomy":"category","embeddable":true,"href":"https:\/\/linitiative.ca\/International\/wp-json\/wp\/v2\/categories?post=97893"},{"taxonomy":"post_tag","embeddable":true,"href":"https:\/\/linitiative.ca\/International\/wp-json\/wp\/v2\/tags?post=97893"}],"curies":[{"name":"wp","href":"https:\/\/api.w.org\/{rel}","templated":true}]}}