{"id":97902,"date":"2020-09-05T07:08:26","date_gmt":"2020-09-05T11:08:26","guid":{"rendered":"https:\/\/linitiative.ca\/International\/covid-19-le-festival-lboulevard-annule\/"},"modified":"2020-09-05T07:08:26","modified_gmt":"2020-09-05T11:08:26","slug":"covid-19-le-festival-lboulevard-annule","status":"publish","type":"post","link":"https:\/\/linitiative.ca\/International\/covid-19-le-festival-lboulevard-annule\/","title":{"rendered":"Covid-19: Le festival L\u2019boulevard annul\u00e9"},"content":{"rendered":"<header readability=\"1.2755905511811\">\n<\/header>\n<div class=\"entry-content clearfix\" readability=\"46\"><img decoding=\"async\" class=\"post_layout_5_img\" src=\"http:\/\/aujourdhui.ma\/wp-content\/uploads\/2018\/09\/L-Boulevard.jpg\" alt=\"Covid-19: Le festival L&#x2019;boulevard annul&#xE9;\"\/><\/p>\n<p>L\u2019h\u00e9catombe des \u00e9v\u00e9nements culturels continue. Apr\u00e8s l\u2019annulation de plusieurs festivals, c\u2019est au tour de L\u2019boulvard.<span id=\"more-354701\"\/> \u00abAu vu des circonstances actuelles et des mesures d\u2019urgence prises par le Maroc pour faire face \u00e0 la pand\u00e9mie de la COVID-19, l\u2019association EAC-L\u2019BOULVART a le regret de vous annoncer l\u2019annulation des \u00e9ditions 2020 de ses festivals de musique, L\u2019Boulevard et de street-art Sbagha Bagha \u00e0 Casablanca et Jidar, toiles de rue \u00e0 Rabat\u00bb, apprend-on aupr\u00e8s des organisateurs. \u00abLes activit\u00e9s du centre de musiques actuelles, le Boultek \u2013 concerts, r\u00e9p\u00e9titions et r\u00e9sidences \u2013 sont \u00e9galement \u00e0 l\u2019arr\u00eat. Nos \u00e9quipes s\u2019activent toutefois, afin de pr\u00e9parer la prochaine saison, qui nous l\u2019esp\u00e9rons, saura r\u00e9pondre \u00e0 vos attentes\u00bb, ajoute la m\u00eame source. L\u2019association a fix\u00e9 l\u2019ann\u00e9e 2021 pour c\u00e9l\u00e9brer le vingti\u00e8me anniversaire du festival L\u2019Boulevard. Les responsables annoncent que le contact avec le public sera via les pages de l\u2019association sur les r\u00e9seaux sociaux.<\/p>\n<\/div>\n<p>Auteur: ALM<br \/>\n<a href=\"https:\/\/aujourdhui.ma\/actualite\/covid-19-le-festival-lboulevard-annule\">Cliquez ici pour lire l&rsquo;article depuis sa source.<\/a><\/p>\n","protected":false},"excerpt":{"rendered":"<p>L\u2019h\u00e9catombe des \u00e9v\u00e9nements culturels continue. Apr\u00e8s l\u2019annulation de plusieurs festivals, c\u2019est au tour de L\u2019boulvard. \u00abAu vu des circonstances actuelles et des mesures d\u2019urgence prises par le Maroc pour faire face \u00e0 la pand\u00e9mie de la COVID-19, l\u2019association EAC-L\u2019BOULVART a le regret de vous annoncer l\u2019annulation des \u00e9ditions 2020 de ses festivals de musique, L\u2019Boulevard [&hellip;]<\/p>\n","protected":false},"author":1759,"featured_media":97903,"comment_status":"closed","ping_status":"closed","sticky":false,"template":"","format":"standard","meta":{"fifu_image_url":"","fifu_image_alt":"","footnotes":""},"categories":[73,54],"tags":[],"class_list":["post-97902","post","type-post","status-publish","format-standard","has-post-thumbnail","hentry","category-actualite","category-maroc"],"_links":{"self":[{"href":"https:\/\/linitiative.ca\/International\/wp-json\/wp\/v2\/posts\/97902","targetHints":{"allow":["GET"]}}],"collection":[{"href":"https:\/\/linitiative.ca\/International\/wp-json\/wp\/v2\/posts"}],"about":[{"href":"https:\/\/linitiative.ca\/International\/wp-json\/wp\/v2\/types\/post"}],"author":[{"embeddable":true,"href":"https:\/\/linitiative.ca\/International\/wp-json\/wp\/v2\/users\/1759"}],"replies":[{"embeddable":true,"href":"https:\/\/linitiative.ca\/International\/wp-json\/wp\/v2\/comments?post=97902"}],"version-history":[{"count":0,"href":"https:\/\/linitiative.ca\/International\/wp-json\/wp\/v2\/posts\/97902\/revisions"}],"wp:featuredmedia":[{"embeddable":true,"href":"https:\/\/linitiative.ca\/International\/wp-json\/"}],"wp:attachment":[{"href":"https:\/\/linitiative.ca\/International\/wp-json\/wp\/v2\/media?parent=97902"}],"wp:term":[{"taxonomy":"category","embeddable":true,"href":"https:\/\/linitiative.ca\/International\/wp-json\/wp\/v2\/categories?post=97902"},{"taxonomy":"post_tag","embeddable":true,"href":"https:\/\/linitiative.ca\/International\/wp-json\/wp\/v2\/tags?post=97902"}],"curies":[{"name":"wp","href":"https:\/\/api.w.org\/{rel}","templated":true}]}}