{"id":97904,"date":"2020-09-05T07:18:02","date_gmt":"2020-09-05T11:18:02","guid":{"rendered":"https:\/\/linitiative.ca\/International\/autoroutes-du-maroc-perturbation-provisoire-de-la-circulation\/"},"modified":"2020-09-05T07:18:02","modified_gmt":"2020-09-05T11:18:02","slug":"autoroutes-du-maroc-perturbation-provisoire-de-la-circulation","status":"publish","type":"post","link":"https:\/\/linitiative.ca\/International\/autoroutes-du-maroc-perturbation-provisoire-de-la-circulation\/","title":{"rendered":"Autoroutes du Maroc : Perturbation provisoire de la circulation"},"content":{"rendered":"<header readability=\"1.3074324324324\">\n<\/header>\n<div class=\"entry-content clearfix\" readability=\"40\"><img decoding=\"async\" class=\"post_layout_5_img\" src=\"http:\/\/aujourdhui.ma\/wp-content\/uploads\/2020\/09\/PSX_20200905_115613.jpg\" alt=\"Autoroutes du Maroc : Perturbation provisoire de la circulation\"\/><\/p>\n<p><strong>Suite aux travaux de\u00a0 mise \u00e0 niveau et de r\u00e9am\u00e9nagement de l\u2019\u00e9changeur Berrechid<\/strong> <span id=\"more-354704\"\/><\/p>\n<p>Les travaux de mise \u00e0 niveau et de r\u00e9am\u00e9nagement de l\u2019\u00e9changeur Berrechid Est entam\u00e9s depuis quelques mois atteint une phase qui va perturber temporairement la circulation sur la bretelle de sortie pour les clients usagers en provenance de Marrakech ou de Settat et \u00e0 destination de Berrechid ou Khouribga \u00e0 partir du 08\/09\/2020 jusqu\u2019au 15\/09\/2020 (une semaine), a annonc\u00e9 samedi la Soci\u00e9t\u00e9 Nationale des Autoroutes du Maroc (ADM). Ces travaux n\u2019auront aucun impact sur le flux de circulation de et vers les autres sens de circulation.\u00a0 Selon ADM, les clients usagers en provenance de Marrakech ou Settat et \u00e0 destination de Berrechid sont pri\u00e9s de quitter l\u2019autoroute au niveau de l\u2019\u00e9changeur Settat Nord et de poursuivre leur chemin sur la RN 9, alors que les clients usagers en provenance de Marrakech ou Settat et \u00e0 destination de Khouribga sont pri\u00e9s de continuer leur chemin jusqu\u2019\u00e0 la bifurcation de Beni Mellal et de poursuivre leur trajet sur l\u2019autoroute Berrechid \u2013 Beni Mellal.\u00a0 ADM a proc\u00e9d\u00e9 \u00e0 l\u2019installation des dispositifs de s\u00e9curit\u00e9 et des panneaux de signalisation n\u00e9cessaires aux endroits appropri\u00e9s pour faciliter la circulation des clients-usagers et s\u2019excuse de la g\u00eane occasionn\u00e9e par ces travaux.<\/p>\n<\/div>\n<p>Auteur: ALM<br \/>\n<a href=\"https:\/\/aujourdhui.ma\/actualite\/autoroutes-du-maroc-perturbation-provisoire-de-la-circulation\">Cliquez ici pour lire l&rsquo;article depuis sa source.<\/a><\/p>\n","protected":false},"excerpt":{"rendered":"<p>Suite aux travaux de\u00a0 mise \u00e0 niveau et de r\u00e9am\u00e9nagement de l\u2019\u00e9changeur Berrechid Les travaux de mise \u00e0 niveau et de r\u00e9am\u00e9nagement de l\u2019\u00e9changeur Berrechid Est entam\u00e9s depuis quelques mois atteint une phase qui va perturber temporairement la circulation sur la bretelle de sortie pour les clients usagers en provenance de Marrakech ou de Settat [&hellip;]<\/p>\n","protected":false},"author":1759,"featured_media":97905,"comment_status":"closed","ping_status":"closed","sticky":false,"template":"","format":"standard","meta":{"fifu_image_url":"","fifu_image_alt":"","footnotes":""},"categories":[73,54],"tags":[],"class_list":["post-97904","post","type-post","status-publish","format-standard","has-post-thumbnail","hentry","category-actualite","category-maroc"],"_links":{"self":[{"href":"https:\/\/linitiative.ca\/International\/wp-json\/wp\/v2\/posts\/97904","targetHints":{"allow":["GET"]}}],"collection":[{"href":"https:\/\/linitiative.ca\/International\/wp-json\/wp\/v2\/posts"}],"about":[{"href":"https:\/\/linitiative.ca\/International\/wp-json\/wp\/v2\/types\/post"}],"author":[{"embeddable":true,"href":"https:\/\/linitiative.ca\/International\/wp-json\/wp\/v2\/users\/1759"}],"replies":[{"embeddable":true,"href":"https:\/\/linitiative.ca\/International\/wp-json\/wp\/v2\/comments?post=97904"}],"version-history":[{"count":0,"href":"https:\/\/linitiative.ca\/International\/wp-json\/wp\/v2\/posts\/97904\/revisions"}],"wp:featuredmedia":[{"embeddable":true,"href":"https:\/\/linitiative.ca\/International\/wp-json\/"}],"wp:attachment":[{"href":"https:\/\/linitiative.ca\/International\/wp-json\/wp\/v2\/media?parent=97904"}],"wp:term":[{"taxonomy":"category","embeddable":true,"href":"https:\/\/linitiative.ca\/International\/wp-json\/wp\/v2\/categories?post=97904"},{"taxonomy":"post_tag","embeddable":true,"href":"https:\/\/linitiative.ca\/International\/wp-json\/wp\/v2\/tags?post=97904"}],"curies":[{"name":"wp","href":"https:\/\/api.w.org\/{rel}","templated":true}]}}