{"id":97910,"date":"2020-09-05T13:03:31","date_gmt":"2020-09-05T17:03:31","guid":{"rendered":"https:\/\/linitiative.ca\/International\/prix-du-president-de-la-republique-pour-la-litterature-et-langue-amazighe-le-jury-installe\/"},"modified":"2020-09-05T13:03:31","modified_gmt":"2020-09-05T17:03:31","slug":"prix-du-president-de-la-republique-pour-la-litterature-et-langue-amazighe-le-jury-installe","status":"publish","type":"post","link":"https:\/\/linitiative.ca\/International\/prix-du-president-de-la-republique-pour-la-litterature-et-langue-amazighe-le-jury-installe\/","title":{"rendered":"Prix du pr\u00e9sident de la R\u00e9publique pour la litt\u00e9rature et langue amazighe : le jury install\u00e9"},"content":{"rendered":"<div readability=\"36\">\n<p><strong>ALGER- Les membres du jury de la premi\u00e8re \u00e9dition du prix du pr\u00e9sident de la R\u00e9publique pour la litt\u00e9rature et la langue amazighe, compos\u00e9 de chercheurs et universitaires, ont \u00e9t\u00e9 install\u00e9s samedi \u00e0 Alger.<\/strong><\/p>\n<\/div>\n<div readability=\"100.02814070352\">\n<p>Pr\u00e9sid\u00e9 par Youcef Necib, enseignant sp\u00e9cialis\u00e9 en litt\u00e9rature amazighe et chercheur en anthropologie sociale, le jury est compos\u00e9 de dix autres membres dont des enseignants en linguistique et litt\u00e9rature amazighes, en plus de repr\u00e9sentants des minist\u00e8res de la Culture et des Arts, de l\u2019Education nationale, de l\u2019Enseignement sup\u00e9rieur et de la Recherche scientifique, entre autres.<\/p>\n<p>Nadia Berdous, enseignante de linguistique amazighe \u00e0 l\u2019universit\u00e9 de Bouira, Brahim Hamek, enseignant et chef de d\u00e9partement de la langue amazighe \u00e0 l\u2019universit\u00e9 de Bejaia, Nouh Abdellah, enseignant \u00e0 l\u2019universit\u00e9 de Tizi-Ouzou, et Abdellah Sediki, enseignant \u00e0 l\u2019universit\u00e9 de Tamanrasset, font partie de ce jury.<\/p>\n<p>Ces membres ont \u00e9t\u00e9 install\u00e9s lors d\u2019une c\u00e9r\u00e9monie \u00e0 l\u2019h\u00f4tel El Djazair en pr\u00e9sence du Secr\u00e9taire g\u00e9n\u00e9ral du Haut commissariat \u00e0 l\u2019Amazighit\u00e9 (HCA), Si El Hachemi Assad, aux cot\u00e9s de repr\u00e9sentants du gouvernement et d\u2019institutions publiques.<\/p>\n<p>S\u2019exprimant \u00e0 cette occasion, M. Assad a soulign\u00e9 l\u2019importance du prix qui, dit-il, \u00ab\u00a0encourage la recherche et la cr\u00e9ation et contribue \u00e0 l\u2019enrichissement et la promotion de la langue et la culture amazighes\u00a0\u00bb.<\/p>\n<blockquote readability=\"11\">\n<p><strong><em>Le prix vient \u00ab\u00a0mettre en valeur la cr\u00e9ation et la recherche amazighe dans ses multiples variantes linguistiques\u00a0\u00bb parl\u00e9es en Alg\u00e9rie, a-t-il indiqu\u00e9, pr\u00e9cisant que le choix des membres du jury \u00ab\u00a0ob\u00e9it aux crit\u00e8res de l&rsquo;int\u00e9grit\u00e9 morale, la comp\u00e9tence et la repr\u00e9sentation pertinente de toutes les variantes de Tamazight et la coh\u00e9rence du jury\u00a0\u00bb.<\/em><\/strong><\/p>\n<\/blockquote>\n<p>Pour sa part, le pr\u00e9sident du jury, Youcef Necib, a soutenu, dans une intervention par visioconf\u00e9rence, que le prix contribuera \u00e0 l'\u00a0\u00bb\u00e9mergence d\u2019une \u00e9lite litt\u00e9raire et une communaut\u00e9 scientifique\u00a0\u00bb pouvant s\u2019exprimer en Tamazight.<\/p>\n<p>Cr\u00e9\u00e9 par d\u00e9cret pr\u00e9sidentiel, le prix du pr\u00e9sident de la R\u00e9publique pour la litt\u00e9rature et la langue amazighe vise \u00e0 encourager la recherche, la production et la promotion de la litt\u00e9rature et la langue amazighes.<\/p>\n<hr\/>\n<h3 class=\"catItemTitle\">Lire aussi:\u00a0<a href=\"http:\/\/www.aps.dz\/culture\/109260-decret-de-la-creation-du-prix-du-president-de-la-republique-pour-la-litterature-et-la-langue-amazighe\">Un d\u00e9cret portant la cr\u00e9ation du Prix du pr\u00e9sident de la R\u00e9publique pour la litt\u00e9rature et la langue amazighe<\/a><\/h3>\n<hr\/>\n<p>Il a pour but de r\u00e9compenser les meilleures recherches et \u0153uvres, r\u00e9alis\u00e9es dans la linguistique, la litt\u00e9rature exprim\u00e9e en Tamazight et traduite vers cette langue, la recherche dans le patrimoine culturel immat\u00e9riel amazigh et la recherche scientifique, technologique et le num\u00e9rique.<\/p>\n<blockquote readability=\"7\">\n<p><strong><em>Organis\u00e9 et financ\u00e9 par le HCA, le prix sera d\u00e9cern\u00e9 le 12 janvier de chaque ann\u00e9e \u00e0 l\u2019occasion de la c\u00e9l\u00e9bration du jour de l\u2019an amazigh \u00ab\u00a0Yennayer\u00a0\u00bb.<\/em><\/strong><\/p>\n<\/blockquote>\n<p>Les trois premiers laur\u00e9ats se verront attribuer une attestation d\u2019appr\u00e9ciation ainsi qu&rsquo;une r\u00e9compense financi\u00e8re d\u2019un (1) million de dinars, 500.000 DA et 250.000DA, respectivement.Le dernier d\u00e9lai pour le d\u00e9p\u00f4t des candidatures pour la premi\u00e8re \u00e9dition du Prix de la litt\u00e9rature et la langue amazighe, a \u00e9t\u00e9 fix\u00e9 pour le 26 d\u00e9cembre prochain.<\/p>\n<\/div>\n<p>Auteur:<br \/>\n<a href=\"http:\/\/www.aps.dz\/culture\/109345-prix-du-president-de-la-republique-pour-la-litterature-et-langue-amazighe-le-jury-installe\">Cliquez ici pour lire l&rsquo;article depuis sa source.<\/a><\/p>\n","protected":false},"excerpt":{"rendered":"<p>ALGER- Les membres du jury de la premi\u00e8re \u00e9dition du prix du pr\u00e9sident de la R\u00e9publique pour la litt\u00e9rature et la langue amazighe, compos\u00e9 de chercheurs et universitaires, ont \u00e9t\u00e9 install\u00e9s samedi \u00e0 Alger. Pr\u00e9sid\u00e9 par Youcef Necib, enseignant sp\u00e9cialis\u00e9 en litt\u00e9rature amazighe et chercheur en anthropologie sociale, le jury est compos\u00e9 de dix autres [&hellip;]<\/p>\n","protected":false},"author":1790,"featured_media":0,"comment_status":"closed","ping_status":"closed","sticky":false,"template":"","format":"standard","meta":{"fifu_image_url":"","fifu_image_alt":"","footnotes":""},"categories":[53,79],"tags":[],"class_list":["post-97910","post","type-post","status-publish","format-standard","hentry","category-algerie","category-culture"],"_links":{"self":[{"href":"https:\/\/linitiative.ca\/International\/wp-json\/wp\/v2\/posts\/97910","targetHints":{"allow":["GET"]}}],"collection":[{"href":"https:\/\/linitiative.ca\/International\/wp-json\/wp\/v2\/posts"}],"about":[{"href":"https:\/\/linitiative.ca\/International\/wp-json\/wp\/v2\/types\/post"}],"author":[{"embeddable":true,"href":"https:\/\/linitiative.ca\/International\/wp-json\/wp\/v2\/users\/1790"}],"replies":[{"embeddable":true,"href":"https:\/\/linitiative.ca\/International\/wp-json\/wp\/v2\/comments?post=97910"}],"version-history":[{"count":0,"href":"https:\/\/linitiative.ca\/International\/wp-json\/wp\/v2\/posts\/97910\/revisions"}],"wp:attachment":[{"href":"https:\/\/linitiative.ca\/International\/wp-json\/wp\/v2\/media?parent=97910"}],"wp:term":[{"taxonomy":"category","embeddable":true,"href":"https:\/\/linitiative.ca\/International\/wp-json\/wp\/v2\/categories?post=97910"},{"taxonomy":"post_tag","embeddable":true,"href":"https:\/\/linitiative.ca\/International\/wp-json\/wp\/v2\/tags?post=97910"}],"curies":[{"name":"wp","href":"https:\/\/api.w.org\/{rel}","templated":true}]}}