{"id":97915,"date":"2020-09-04T19:18:43","date_gmt":"2020-09-04T23:18:43","guid":{"rendered":"https:\/\/linitiative.ca\/International\/les-adouls-de-safi-mobilises-pour-lutter-contre-la-covid-19\/"},"modified":"2020-09-04T19:18:43","modified_gmt":"2020-09-04T23:18:43","slug":"les-adouls-de-safi-mobilises-pour-lutter-contre-la-covid-19","status":"publish","type":"post","link":"https:\/\/linitiative.ca\/International\/les-adouls-de-safi-mobilises-pour-lutter-contre-la-covid-19\/","title":{"rendered":"Les Adouls de Safi mobilis\u00e9s pour lutter contre la Covid-19"},"content":{"rendered":"<div readability=\"35\">\n<p>Safi \u2013 Le Conseil r\u00e9gional des Adouls dans la circonscription de la Cour d\u2019appel de Safi s\u2019est mobilis\u00e9 jeudi dernier, pour appuyer les efforts consentis par le d\u00e9partement de la justice pour enrayer la propagation de la Covid-19.<\/p>\n<\/div>\n<div readability=\"76\">\n<p>Ainsi, ledit Conseil a entam\u00e9 une op\u00e9ration de distribution de masques de protection et des produits de st\u00e9rilisation au profit des Adouls relevant de la circonscription de la Cour d\u2019appel de Safi pour d\u00e9sinfecter leurs cabinets et garantir des conditions de travail s\u00fbres.<\/p>\n<p>Dans une allocution \u00e0 cette occasion, le pr\u00e9sident du Conseil r\u00e9gional des Adouls relevant de la circonscription de la Cour d\u2019appel de Safi, Dr. Mustapha Rachidi, a soulign\u00e9 que cette op\u00e9ration s\u2019inscrit dans le cadre des mesures pr\u00e9ventives et proactives dans lesquelles le conseil a adh\u00e9r\u00e9 de fa\u00e7on positive afin de garantir un niveau \u00e9lev\u00e9 de protection contre la Covid-19.<\/p>\n<p>Cette initiative intervient en interaction avec le discours prononc\u00e9 par Sa Majest\u00e9 le Roi Mohammed VI \u00e0 l\u2019occasion du 67\u00e8 anniversaire de la R\u00e9volution du Roi et du Peuple dans lequel le Souverain a appel\u00e9 \u00ab\u00a0les forces vives de la nation \u00e0 faire preuve de mobilisation et de vigilance et, particuli\u00e8rement, \u00e0 adh\u00e9rer unanimement aux efforts d\u00e9ploy\u00e9s \u00e0 l\u2019\u00e9chelle nationale, afin de sensibiliser la soci\u00e9t\u00e9, \u00e9veiller sa conscience et l\u2019encadrer\u00a0\u00bb.<\/p>\n<p>Par ailleurs, M. Rachidi a indiqu\u00e9 que l\u2019ordre des 1Adouls \u0153uvre \u00e0 permettre \u00e0 la femme \u00ab\u00a0Adoul\u00a0\u00bb d\u2019exercer la profession dans des conditions sanitaires appropri\u00e9es.<\/p>\n<p>De son c\u00f4t\u00e9, Mme Ilham Lachhab, membre de l\u2019ordre des Adouls relevant de la circonscription de la Cour d\u2019appel de Safi, a mis en relief cette initiative de sensibilisation ainsi que les efforts consentis par les membres du conseil, pour appuyer la femme Adoul, qui a acc\u00e9d\u00e9 \u00e0 cette profession \u00e0 pied d\u2019\u00e9galit\u00e9 avec l\u2019homme.<\/p>\n<p>Et de poursuivre que les Adouls sont mobilis\u00e9s pour sensibiliser les usagers aux risques de cette pand\u00e9mie et aux mesures \u00e0 respecter pour enrayer la propagation du coronavirus.<\/p>\n<p>Cette op\u00e9ration de sensibilisation cible les Adouls relevant de la circonscription de Safi \u00e0 savoir : ceux du centre de Safi, le tribunal de premi\u00e8re instance d\u2019Essaouira, le centre de Chemaia, le centre de Jemaa Shaim et le centre de Sebt Gzoula.<\/p>\n<\/div>\n<p>Auteur: Meriem IGASS<br \/>\n<a href=\"http:\/\/www.mapmarrakech.ma\/fr\/les-adouls-de-safi-mobilises-pour-lutter-contre-la-covid-19\/\">Cliquez ici pour lire l&rsquo;article depuis sa source.<\/a><\/p>\n","protected":false},"excerpt":{"rendered":"<p>Safi \u2013 Le Conseil r\u00e9gional des Adouls dans la circonscription de la Cour d\u2019appel de Safi s\u2019est mobilis\u00e9 jeudi dernier, pour appuyer les efforts consentis par le d\u00e9partement de la justice pour enrayer la propagation de la Covid-19. Ainsi, ledit Conseil a entam\u00e9 une op\u00e9ration de distribution de masques de protection et des produits de [&hellip;]<\/p>\n","protected":false},"author":1788,"featured_media":0,"comment_status":"closed","ping_status":"closed","sticky":false,"template":"","format":"standard","meta":{"fifu_image_url":"","fifu_image_alt":"","footnotes":""},"categories":[54,76],"tags":[],"class_list":["post-97915","post","type-post","status-publish","format-standard","hentry","category-maroc","category-regions"],"_links":{"self":[{"href":"https:\/\/linitiative.ca\/International\/wp-json\/wp\/v2\/posts\/97915","targetHints":{"allow":["GET"]}}],"collection":[{"href":"https:\/\/linitiative.ca\/International\/wp-json\/wp\/v2\/posts"}],"about":[{"href":"https:\/\/linitiative.ca\/International\/wp-json\/wp\/v2\/types\/post"}],"author":[{"embeddable":true,"href":"https:\/\/linitiative.ca\/International\/wp-json\/wp\/v2\/users\/1788"}],"replies":[{"embeddable":true,"href":"https:\/\/linitiative.ca\/International\/wp-json\/wp\/v2\/comments?post=97915"}],"version-history":[{"count":0,"href":"https:\/\/linitiative.ca\/International\/wp-json\/wp\/v2\/posts\/97915\/revisions"}],"wp:attachment":[{"href":"https:\/\/linitiative.ca\/International\/wp-json\/wp\/v2\/media?parent=97915"}],"wp:term":[{"taxonomy":"category","embeddable":true,"href":"https:\/\/linitiative.ca\/International\/wp-json\/wp\/v2\/categories?post=97915"},{"taxonomy":"post_tag","embeddable":true,"href":"https:\/\/linitiative.ca\/International\/wp-json\/wp\/v2\/tags?post=97915"}],"curies":[{"name":"wp","href":"https:\/\/api.w.org\/{rel}","templated":true}]}}