{"id":97917,"date":"2020-09-04T14:31:21","date_gmt":"2020-09-04T18:31:21","guid":{"rendered":"https:\/\/linitiative.ca\/International\/zones-dhombre-des-efforts-pour-la-prise-en-charge-des-preoccupations-des-habitants\/"},"modified":"2020-09-04T14:31:21","modified_gmt":"2020-09-04T18:31:21","slug":"zones-dhombre-des-efforts-pour-la-prise-en-charge-des-preoccupations-des-habitants","status":"publish","type":"post","link":"https:\/\/linitiative.ca\/International\/zones-dhombre-des-efforts-pour-la-prise-en-charge-des-preoccupations-des-habitants\/","title":{"rendered":"Zones d&rsquo;hombre: des efforts pour la prise en charge des pr\u00e9occupations des habitants"},"content":{"rendered":"<div readability=\"39\">\n<p><strong>TEBESSA &#8211; Le conseiller, charg\u00e9 de mission aupr\u00e8s de la Pr\u00e9sidence de la R\u00e9publique pour le suivi des zones d&rsquo;ombre, Ibrahim Mourad, a affirm\u00e9 vendredi qu\u2019 \u2018\u2019en coordination avec les autorit\u00e9s locales et les hautes instances du pays, il sera proc\u00e9d\u00e9 \u00e0 la prise en charge des pr\u00e9occupations des habitants des zones d&rsquo;ombre de la wilaya de T\u00e9bessa\u2019\u2019.<\/strong><\/p>\n<\/div>\n<div readability=\"82.607930924209\">\n<p>\u2018\u2019Des efforts intensifs sont d\u00e9ploy\u00e9s par les autorit\u00e9s locales de la wilaya et celles\u00a0 sup\u00e9rieures du pays pour trouver des solutions radicales et r\u00e9pondre aux pr\u00e9occupations des habitants de ces zones conform\u00e9ment aux directives du Pr\u00e9sident de la R\u00e9publique, Abdelmadjid Tebboune\u2019\u2019, a pr\u00e9cis\u00e9 le\u00a0 m\u00eame responsable lors de sa visite des r\u00e9gions de \u2018\u2019El Kessir\u2019\u2019 et \u2018\u2019Ain Khiyar\u2019\u2019 dans la localit\u00e9 de Tazbent, commune Bir Mokkedem.<\/p>\n<blockquote readability=\"13\">\n<p><em><strong>Il a dans ce sens ajout\u00e9 que l\u2019am\u00e9lioration des conditions de vie des habitants dans\u00a0 certaines localit\u00e9s dans la wilaya frontali\u00e8re de T\u00e9bessa qui recense plus de 450 zones, selon les derni\u00e8res donn\u00e9es, mises \u00e0 jour par le minist\u00e8re de l&rsquo;Int\u00e9rieur, des Collectivit\u00e9s locales et de l\u2019Am\u00e9nagement du territoire rev\u00eat \u2018\u2019une\u00a0 grande importance pour le gouvernement\u2019\u2019 soulignant que\u00a0 compte tenu de la situation g\u00e9ographique strat\u00e9gique de cette wilaya, sa grande superficie et ses terrains ardus, \u2018\u2019il est imp\u00e9ratif d\u2019intensifier les efforts\u00a0 pour r\u00e9pondre aux pr\u00e9occupations des citoyens\u2019\u2019.<\/strong><\/em><\/p>\n<\/blockquote>\n<p>M. Ibrahim Mourad qui a eu \u00e0 inspecter au deuxi\u00e8me jour de sa visite consacr\u00e9e aux zones d\u2019ombre de T\u00e9bessa, des localit\u00e9s relevant des communes de Boulhaf El Dyr, Bir al-Dhab, Bir Mokkadem, Chr\u00e9a et El Olga, s\u2019est longuement entretenu avec les habitants de ces r\u00e9gions et dont les pr\u00e9occupations majeurs \u00e9taient relatives \u00e0 l\u2019acc\u00e8s\u00a0 \u00e0 l\u2019habitat et l\u2019\u00e9lectricit\u00e9 ruraux,\u00a0 \u00e0 l\u2019eau potable, la disponibilit\u00e9 des \u00e9tablissements scolaires, ainsi que la r\u00e9alisation dans ces zones de r\u00e9seaux d\u2019assainissement et de projets de d\u00e9senclavement.<\/p>\n<hr\/>\n<h3>Lire aussi:\u00a0<a href=\"http:\/\/www.aps.dz\/regions\/109289-regions-d-ombre-trouver-des-solutions-d-urgence-pour-prendre-en-charge-les-preoccupations-des-habitants\" target=\"_blank\" rel=\"noopener noreferrer\">Des solutions d\u2019urgence pour am\u00e9liorer les conditions de vie dans les zones d\u2019ombre<\/a><\/h3>\n<hr\/>\n<p>Le conseiller, charg\u00e9 de mission aupr\u00e8s de la Pr\u00e9sidence de la R\u00e9publique pour le suivi des zones d&rsquo;ombre, qui \u00e9tait accompagn\u00e9 des\u00a0 responsables locaux, les attach\u00e9s du cabinet du wali, les pr\u00e9sidents des assembl\u00e9es \u00e9lues et les chefs de da\u00efras, s\u2019est engag\u00e9 \u00e0 remettre \u00e0 la pr\u00e9sidence de la R\u00e9publique, un rapport d\u00e9taill\u00e9 sur la situation dans ces localit\u00e9s et les aspirations de citoyens.<\/p>\n<p>A l\u2019occasion M. Mourad a rappel\u00e9 que \u2018\u2019la politique de l&rsquo;Etat vise \u00e0 r\u00e9habiliter plus de 15 000 zones d&rsquo;ombre recens\u00e9es \u00e0 l\u2019\u00e9chelle\u00a0 nationale et \u00e0 \u0153uvrer \u00e0 assurer aux habitants de ces zones les conditions d\u2019une vie d\u00e9cente, \u00e0 travers la concr\u00e9tisation de projets vitaux\u00a0 devant\u00a0 les encourager \u00e0 se fixer dans leurs r\u00e9gions d\u2019origine\u2019\u2019.<\/p>\n<p>Selon les donn\u00e9es des autorit\u00e9s locales,\u00a0 la wilaya de T\u00e9bessa qui recense \u00a0452 zones d&rsquo;ombre r\u00e9parties sur l&rsquo;ensemble de ses 28 communes a inscrit\u00a0 1 359 op\u00e9rations d&rsquo;am\u00e9nagement\u00a0 au profit de ces r\u00e9gions\u00a0 dans les secteurs des ressources en eau, de l&rsquo;\u00e9nergie, des travaux publics et de l&rsquo;\u00e9ducation notamment.<\/p>\n<p>La m\u00eame source rel\u00e8ve que 150 projets ont \u00e9t\u00e9 parachev\u00e9s alors que le reste du programme oscille entre la phase de la finalisation des proc\u00e9dures administratives et celle de l\u2019octroi des march\u00e9s et le lancement des chantiers.<\/p>\n<\/div>\n<p>Auteur:<br \/>\n<a href=\"http:\/\/www.aps.dz\/regions\/109339-zones-d-hombre-des-efforts-intensifs-pour-la-prise-en-charge-des-preoccupations-des-habitants\">Cliquez ici pour lire l&rsquo;article depuis sa source.<\/a><\/p>\n","protected":false},"excerpt":{"rendered":"<p>TEBESSA &#8211; Le conseiller, charg\u00e9 de mission aupr\u00e8s de la Pr\u00e9sidence de la R\u00e9publique pour le suivi des zones d&rsquo;ombre, Ibrahim Mourad, a affirm\u00e9 vendredi qu\u2019 \u2018\u2019en coordination avec les autorit\u00e9s locales et les hautes instances du pays, il sera proc\u00e9d\u00e9 \u00e0 la prise en charge des pr\u00e9occupations des habitants des zones d&rsquo;ombre de la [&hellip;]<\/p>\n","protected":false},"author":1790,"featured_media":0,"comment_status":"closed","ping_status":"closed","sticky":false,"template":"","format":"standard","meta":{"fifu_image_url":"","fifu_image_alt":"","footnotes":""},"categories":[53,76],"tags":[],"class_list":["post-97917","post","type-post","status-publish","format-standard","hentry","category-algerie","category-regions"],"_links":{"self":[{"href":"https:\/\/linitiative.ca\/International\/wp-json\/wp\/v2\/posts\/97917","targetHints":{"allow":["GET"]}}],"collection":[{"href":"https:\/\/linitiative.ca\/International\/wp-json\/wp\/v2\/posts"}],"about":[{"href":"https:\/\/linitiative.ca\/International\/wp-json\/wp\/v2\/types\/post"}],"author":[{"embeddable":true,"href":"https:\/\/linitiative.ca\/International\/wp-json\/wp\/v2\/users\/1790"}],"replies":[{"embeddable":true,"href":"https:\/\/linitiative.ca\/International\/wp-json\/wp\/v2\/comments?post=97917"}],"version-history":[{"count":0,"href":"https:\/\/linitiative.ca\/International\/wp-json\/wp\/v2\/posts\/97917\/revisions"}],"wp:attachment":[{"href":"https:\/\/linitiative.ca\/International\/wp-json\/wp\/v2\/media?parent=97917"}],"wp:term":[{"taxonomy":"category","embeddable":true,"href":"https:\/\/linitiative.ca\/International\/wp-json\/wp\/v2\/categories?post=97917"},{"taxonomy":"post_tag","embeddable":true,"href":"https:\/\/linitiative.ca\/International\/wp-json\/wp\/v2\/tags?post=97917"}],"curies":[{"name":"wp","href":"https:\/\/api.w.org\/{rel}","templated":true}]}}