{"id":97937,"date":"2020-09-04T20:00:00","date_gmt":"2020-09-05T00:00:00","guid":{"rendered":"https:\/\/linitiative.ca\/International\/espagne-lionel-messi-annonce-quil-reste-au-fc-barcelone\/"},"modified":"2020-09-04T20:00:00","modified_gmt":"2020-09-05T00:00:00","slug":"espagne-lionel-messi-annonce-quil-reste-au-fc-barcelone","status":"publish","type":"post","link":"https:\/\/linitiative.ca\/International\/espagne-lionel-messi-annonce-quil-reste-au-fc-barcelone\/","title":{"rendered":"Espagne  :  Lionel Messi annonce  qu\u2019il reste  au FC Barcelone"},"content":{"rendered":"<p>La star argentine Lionel Messi, d\u00e9termin\u00e9 \u00e0 quitter le FC Barcelone depuis plusieurs semaines, a annonc\u00e9 hier qu&rsquo;il honorerait la derni\u00e8re ann\u00e9e de son contrat avec le club catalan.<br \/>\u00abJe vais continuer au Bar\u00e7a et mon attitude ne changera pas, peu importe ce que j&rsquo;ai voulu. Je ferai de mon mieux. Je veux toujours gagner, je suis comp\u00e9titif et je n&rsquo;aime rien perdre. Je veux toujours le meilleur pour le club, pour le vestiaire et pour moi-m\u00eame\u00bb, a d\u00e9clar\u00e9 le capitaine du Bar\u00e7a dans un long entretien \u00e0 Goal.com diffus\u00e9 hier apr\u00e8s-midi.<br \/>\u00abJe n&rsquo;irais jamais en proc\u00e8s contre le Bar\u00e7a car c&rsquo;est le club que j&rsquo;aime, qui m&rsquo;a tout donn\u00e9 depuis que je suis arriv\u00e9, c&rsquo;est le club de ma vie. (&#8230;) Je vais continuer au Bar\u00e7a et mon attitude ne va pas changer parce que j&rsquo;ai voulu m&rsquo;en aller\u00bb, a assur\u00e9 Lionel Messi .<br \/>\u00abJ&rsquo;ai eu la possibilit\u00e9 de quitter le Bar\u00e7a plusieurs fois. L&rsquo;argent ? Chaque ann\u00e9e, j&rsquo;ai eu l&rsquo;opportunit\u00e9 de partir et gagner plus d&rsquo;argent qu&rsquo;\u00e0 Barcelone. J&rsquo;ai toujours dit que ma maison \u00e9tait ici\u00bb, a-t-il ajout\u00e9.<br \/>L&rsquo;attaquant argentin devrait donc honorer la derni\u00e8re ann\u00e9e de son contrat avec le seul club professionnel de sa carri\u00e8re, avant d&rsquo;envisager \u00e0 nouveau un d\u00e9part, vraiment libre cette fois, en 2021.<\/p>\n<p>Auteur: elmoudjahid<br \/>\n<a href=\"http:\/\/www.elmoudjahid.com\/fr\/actualites\/158982\">Cliquez ici pour lire l&rsquo;article depuis sa source.<\/a><\/p>\n","protected":false},"excerpt":{"rendered":"<p>La star argentine Lionel Messi, d\u00e9termin\u00e9 \u00e0 quitter le FC Barcelone depuis plusieurs semaines, a annonc\u00e9 hier qu&rsquo;il honorerait la derni\u00e8re ann\u00e9e de son contrat avec le club catalan.\u00abJe vais continuer au Bar\u00e7a et mon attitude ne changera pas, peu importe ce que j&rsquo;ai voulu. Je ferai de mon mieux. Je veux toujours gagner, je [&hellip;]<\/p>\n","protected":false},"author":1744,"featured_media":0,"comment_status":"closed","ping_status":"closed","sticky":false,"template":"","format":"standard","meta":{"fifu_image_url":"","fifu_image_alt":"","footnotes":""},"categories":[73,53],"tags":[],"class_list":["post-97937","post","type-post","status-publish","format-standard","hentry","category-actualite","category-algerie"],"_links":{"self":[{"href":"https:\/\/linitiative.ca\/International\/wp-json\/wp\/v2\/posts\/97937","targetHints":{"allow":["GET"]}}],"collection":[{"href":"https:\/\/linitiative.ca\/International\/wp-json\/wp\/v2\/posts"}],"about":[{"href":"https:\/\/linitiative.ca\/International\/wp-json\/wp\/v2\/types\/post"}],"author":[{"embeddable":true,"href":"https:\/\/linitiative.ca\/International\/wp-json\/wp\/v2\/users\/1744"}],"replies":[{"embeddable":true,"href":"https:\/\/linitiative.ca\/International\/wp-json\/wp\/v2\/comments?post=97937"}],"version-history":[{"count":0,"href":"https:\/\/linitiative.ca\/International\/wp-json\/wp\/v2\/posts\/97937\/revisions"}],"wp:attachment":[{"href":"https:\/\/linitiative.ca\/International\/wp-json\/wp\/v2\/media?parent=97937"}],"wp:term":[{"taxonomy":"category","embeddable":true,"href":"https:\/\/linitiative.ca\/International\/wp-json\/wp\/v2\/categories?post=97937"},{"taxonomy":"post_tag","embeddable":true,"href":"https:\/\/linitiative.ca\/International\/wp-json\/wp\/v2\/tags?post=97937"}],"curies":[{"name":"wp","href":"https:\/\/api.w.org\/{rel}","templated":true}]}}