{"id":97938,"date":"2020-09-04T20:00:00","date_gmt":"2020-09-05T00:00:00","guid":{"rendered":"https:\/\/linitiative.ca\/International\/ministere-de-leducation-sms-de-sensibilisation-au-respect-du-protocole-sanitaire\/"},"modified":"2020-09-04T20:00:00","modified_gmt":"2020-09-05T00:00:00","slug":"ministere-de-leducation-sms-de-sensibilisation-au-respect-du-protocole-sanitaire","status":"publish","type":"post","link":"https:\/\/linitiative.ca\/International\/ministere-de-leducation-sms-de-sensibilisation-au-respect-du-protocole-sanitaire\/","title":{"rendered":"Minist\u00e8re de l\u2019\u00e9ducation : SMS de sensibilisation au respect du protocole sanitaire"},"content":{"rendered":"<div class=\"TxArtcile\" readability=\"15\">\n<p>Le minist\u00e8re de l&rsquo;Education nationale a adress\u00e9 \u00e0 l&rsquo;occasion des \u00e9preuves officiels en coordination avec les op\u00e9rateurs de t\u00e9l\u00e9phonie mobile, des SMS pour sensibiliser les parents, les candidats et les encadreurs au respect imp\u00e9ratif du protocole sanitaire, a indiqu\u00e9 hier un communiqu\u00e9 du minist\u00e8re.<br \/>Premiers du genre, ces SMS visent \u00abla sensibilisation des candidats aux \u00e9preuves officielles et leurs parents \u00e0 l&rsquo;imp\u00e9ratif de respecter le protocole sanitaire, notamment le port de la bavette et la distanciation sociale\u00bb.<br \/>Les m\u00eames messages ont comport\u00e9 un rappel aux sanctions pr\u00e9vues par la loi en cas d&rsquo;atteinte \u00e0 l&rsquo;int\u00e9grit\u00e9 des \u00e9preuves.<\/p>\n<\/div>\n<div class=\"ModliArtilUne\">\n<ul>\n<li><strong>Publi\u00e9 dans :<\/strong><\/li>\n<\/ul>\n<\/div>\n<div class=\"MbComIns\" id=\"newcom\" readability=\"5.6940298507463\">\n<h6>DONNEZ VOTRE AVIS<\/h6>\n<p>Il n&rsquo;y a actuellement aucune r\u00e9action \u00e0 cette information. Soyez le premier \u00e0 r\u00e9agir !<\/p>\n<p><a href=\"\" rel=\"#popup\" class=\"login resetbutton\">Identifiez-vous<\/a><a class=\"button\" href=\"https:\/\/elmoudjahid.com\/fr\/inscription\/\"><span>S&rsquo;inscrire<\/span><\/a><\/p>\n<\/div>\n<p>Auteur: elmoudjahid<br \/>\n<a href=\"http:\/\/www.elmoudjahid.com\/fr\/actualites\/158983\">Cliquez ici pour lire l&rsquo;article depuis sa source.<\/a><\/p>\n","protected":false},"excerpt":{"rendered":"<p>Le minist\u00e8re de l&rsquo;Education nationale a adress\u00e9 \u00e0 l&rsquo;occasion des \u00e9preuves officiels en coordination avec les op\u00e9rateurs de t\u00e9l\u00e9phonie mobile, des SMS pour sensibiliser les parents, les candidats et les encadreurs au respect imp\u00e9ratif du protocole sanitaire, a indiqu\u00e9 hier un communiqu\u00e9 du minist\u00e8re.Premiers du genre, ces SMS visent \u00abla sensibilisation des candidats aux \u00e9preuves [&hellip;]<\/p>\n","protected":false},"author":1744,"featured_media":0,"comment_status":"closed","ping_status":"closed","sticky":false,"template":"","format":"standard","meta":{"fifu_image_url":"","fifu_image_alt":"","footnotes":""},"categories":[73,53],"tags":[],"class_list":["post-97938","post","type-post","status-publish","format-standard","hentry","category-actualite","category-algerie"],"_links":{"self":[{"href":"https:\/\/linitiative.ca\/International\/wp-json\/wp\/v2\/posts\/97938","targetHints":{"allow":["GET"]}}],"collection":[{"href":"https:\/\/linitiative.ca\/International\/wp-json\/wp\/v2\/posts"}],"about":[{"href":"https:\/\/linitiative.ca\/International\/wp-json\/wp\/v2\/types\/post"}],"author":[{"embeddable":true,"href":"https:\/\/linitiative.ca\/International\/wp-json\/wp\/v2\/users\/1744"}],"replies":[{"embeddable":true,"href":"https:\/\/linitiative.ca\/International\/wp-json\/wp\/v2\/comments?post=97938"}],"version-history":[{"count":0,"href":"https:\/\/linitiative.ca\/International\/wp-json\/wp\/v2\/posts\/97938\/revisions"}],"wp:attachment":[{"href":"https:\/\/linitiative.ca\/International\/wp-json\/wp\/v2\/media?parent=97938"}],"wp:term":[{"taxonomy":"category","embeddable":true,"href":"https:\/\/linitiative.ca\/International\/wp-json\/wp\/v2\/categories?post=97938"},{"taxonomy":"post_tag","embeddable":true,"href":"https:\/\/linitiative.ca\/International\/wp-json\/wp\/v2\/tags?post=97938"}],"curies":[{"name":"wp","href":"https:\/\/api.w.org\/{rel}","templated":true}]}}