{"id":97941,"date":"2020-09-04T20:00:00","date_gmt":"2020-09-05T00:00:00","guid":{"rendered":"https:\/\/linitiative.ca\/International\/decret-presidentiel-le-fils-de-maurice-audin-acquiert-la-nationalite-algerienne\/"},"modified":"2020-09-04T20:00:00","modified_gmt":"2020-09-05T00:00:00","slug":"decret-presidentiel-le-fils-de-maurice-audin-acquiert-la-nationalite-algerienne","status":"publish","type":"post","link":"https:\/\/linitiative.ca\/International\/decret-presidentiel-le-fils-de-maurice-audin-acquiert-la-nationalite-algerienne\/","title":{"rendered":"D\u00e9cret pr\u00e9sidentiel  : le fils de maurice  Audin acquiert  la nationalit\u00e9 alg\u00e9rienne"},"content":{"rendered":"<p>Un d\u00e9cret pr\u00e9sidentiel du 25 ao\u00fbt publi\u00e9 au dernier Journal officiel accorde la nationalit\u00e9 alg\u00e9rienne \u00e0 Pierre Audin, fils de Maurice Audin.<br \/>\u00abPar d\u00e9cret pr\u00e9sidentiel du 6 Moharram 1442 correspondant au 25 ao\u00fbt 2020, est naturalis\u00e9 alg\u00e9rien, dans les conditions de l&rsquo;article 11 de l&rsquo;ordonnance n\u00b0 70-86 du 15 d\u00e9cembre 1970, modifi\u00e9e et compl\u00e9t\u00e9e, portant code de la nationalit\u00e9 alg\u00e9rienne, la personne d\u00e9nomm\u00e9e ci-apr\u00e8s, Audin Pierre, n\u00e9 le 28 avril 1957 \u00e0 Alger (wilaya d&rsquo;Alger)\u00bb, lit-on dans le d\u00e9cret pr\u00e9sidentiel.<\/p>\n<p>Auteur: elmoudjahid<br \/>\n<a href=\"http:\/\/www.elmoudjahid.com\/fr\/actualites\/158986\">Cliquez ici pour lire l&rsquo;article depuis sa source.<\/a><\/p>\n","protected":false},"excerpt":{"rendered":"<p>Un d\u00e9cret pr\u00e9sidentiel du 25 ao\u00fbt publi\u00e9 au dernier Journal officiel accorde la nationalit\u00e9 alg\u00e9rienne \u00e0 Pierre Audin, fils de Maurice Audin.\u00abPar d\u00e9cret pr\u00e9sidentiel du 6 Moharram 1442 correspondant au 25 ao\u00fbt 2020, est naturalis\u00e9 alg\u00e9rien, dans les conditions de l&rsquo;article 11 de l&rsquo;ordonnance n\u00b0 70-86 du 15 d\u00e9cembre 1970, modifi\u00e9e et compl\u00e9t\u00e9e, portant code [&hellip;]<\/p>\n","protected":false},"author":1744,"featured_media":0,"comment_status":"closed","ping_status":"closed","sticky":false,"template":"","format":"standard","meta":{"fifu_image_url":"","fifu_image_alt":"","footnotes":""},"categories":[73,53],"tags":[],"class_list":["post-97941","post","type-post","status-publish","format-standard","hentry","category-actualite","category-algerie"],"_links":{"self":[{"href":"https:\/\/linitiative.ca\/International\/wp-json\/wp\/v2\/posts\/97941","targetHints":{"allow":["GET"]}}],"collection":[{"href":"https:\/\/linitiative.ca\/International\/wp-json\/wp\/v2\/posts"}],"about":[{"href":"https:\/\/linitiative.ca\/International\/wp-json\/wp\/v2\/types\/post"}],"author":[{"embeddable":true,"href":"https:\/\/linitiative.ca\/International\/wp-json\/wp\/v2\/users\/1744"}],"replies":[{"embeddable":true,"href":"https:\/\/linitiative.ca\/International\/wp-json\/wp\/v2\/comments?post=97941"}],"version-history":[{"count":0,"href":"https:\/\/linitiative.ca\/International\/wp-json\/wp\/v2\/posts\/97941\/revisions"}],"wp:attachment":[{"href":"https:\/\/linitiative.ca\/International\/wp-json\/wp\/v2\/media?parent=97941"}],"wp:term":[{"taxonomy":"category","embeddable":true,"href":"https:\/\/linitiative.ca\/International\/wp-json\/wp\/v2\/categories?post=97941"},{"taxonomy":"post_tag","embeddable":true,"href":"https:\/\/linitiative.ca\/International\/wp-json\/wp\/v2\/tags?post=97941"}],"curies":[{"name":"wp","href":"https:\/\/api.w.org\/{rel}","templated":true}]}}