{"id":97949,"date":"2020-09-05T04:00:00","date_gmt":"2020-09-05T08:00:00","guid":{"rendered":"https:\/\/linitiative.ca\/International\/la-tunisie-le-voisin-europeen-vue-de-paris\/"},"modified":"2020-09-05T04:00:00","modified_gmt":"2020-09-05T08:00:00","slug":"la-tunisie-le-voisin-europeen-vue-de-paris","status":"publish","type":"post","link":"https:\/\/linitiative.ca\/International\/la-tunisie-le-voisin-europeen-vue-de-paris\/","title":{"rendered":"La Tunisie, le voisin europ\u00e9en, vue de Paris"},"content":{"rendered":"<p>\u00abSans l\u2019implication aussi consid\u00e9rable de l\u2019Union europ\u00e9enne, il est peu probable que (la Tunisie) ait pu continuer \u00e0 fonctionner et la transition d\u00e9mocratique se poursuivre compte tenu des difficult\u00e9s int\u00e9rieures et ext\u00e9rieures auxquelles la Tunisie faisait face.\u00bb C\u2019est ce qu\u2019affirme un rapport d\u2019information sur la politique europ\u00e9enne de voisinage, d\u00e9pos\u00e9 fin juillet dernier par la Commission des affaires europ\u00e9ennes \u00e0 l\u2019Assembl\u00e9e nationale fran\u00e7aise. Pr\u00e9sent\u00e9 par ses deux rapporteurs, les d\u00e9put\u00e9s Caroline Janvier et Joaquim Pueyo, il mentionne que \u00abce qui fonctionne est, de l\u2019avis g\u00e9n\u00e9ral, la lutte contre le terrorisme et la radicalisation. D\u2019apr\u00e8s les informations transmises \u00e0 vos rapporteurs, le terrorisme est sous contr\u00f4le en Tunisie. Les quelques foyers encore actifs dans le pays sont contenus, ne rassemblant que quelques dizaines de \u2018\u2019combattants\u2019\u2019 tandis que les \u2018\u2019revenants\u2019\u2019 ayant rejoint les rangs de Daech font l\u2019objet d\u2019une attention particuli\u00e8re.\u00bb<\/p>\n<p>\u00abS\u2019agissant de la jeunesse, le bilan est plus contrast\u00e9, ajoutent les rapporteurs. Si les \u00e9changes universitaires progressent, la jeunesse, comme le peuple tunisien en g\u00e9n\u00e9ral, vit mal les restrictions \u00e0 la mobilit\u00e9 vers l\u2019Europe. La lib\u00e9ralisation des visas de court s\u00e9jour n\u2019avance pas, comme la n\u00e9gociation d\u2019un accord de r\u00e9admission et ce, alors que les Tunisiens repr\u00e9sentent la premi\u00e8re nationalit\u00e9 arrivant en Italie (22 % des arriv\u00e9es) et que la Tunisie a \u00e9t\u00e9 le deuxi\u00e8me pays de d\u00e9part vers les c\u00f4tes italiennes (24 %). La situation \u00e9conomique et sociale difficile du pays, le ch\u00f4mage \u00e9lev\u00e9 et le sentiment g\u00e9n\u00e9ral d\u2019une absence de perspectives expliquent largement ces d\u00e9parts.\u00bb<\/p>\n<p>\u00abL\u2019\u00e9conomie tunisienne est en crise, souligne le rapport. Elle reste cartellis\u00e9e, domin\u00e9e par quelques grands groupes familiaux qui \u00e9touffent les initiatives, de m\u00eame que la mise en \u0153uvre des r\u00e9formes est frein\u00e9e par une administration publique pl\u00e9thorique et largement inefficace, dont la masse salariale en forte hausse depuis la r\u00e9volution annihile par ailleurs les marges de man\u0153uvre budg\u00e9taires de l\u2019\u00c9tat. La n\u00e9gociation d\u2019un accord de libre-\u00e9change complet et approfondi (Aleca) est au point mort. \u00bb<\/p>\n<p class=\"MsoNormal c2\"><strong><a href=\"https:\/\/www.leaders.com.tn\/le_mensuel_abonnez_vous\" target=\"_blank\" rel=\"noopener noreferrer\"><img loading=\"lazy\" decoding=\"async\" src=\"\/uploads\/FCK_files\/Bondou(11).jpg\" alt=\"\" width=\"500\" vspace=\"5\" hspace=\"5\" height=\"128\" align=\"middle\"\/><\/a><\/strong><\/p>\n<p>\u00a0<\/p>\n<p>Auteur:<br \/>\n<a href=\"https:\/\/www.leaders.com.tn\/article\/30527-la-tunisie-le-voisin-europeen-vue-de-paris\">Cliquez ici pour lire l&rsquo;article depuis sa source.<\/a><\/p>\n","protected":false},"excerpt":{"rendered":"<p>\u00abSans l\u2019implication aussi consid\u00e9rable de l\u2019Union europ\u00e9enne, il est peu probable que (la Tunisie) ait pu continuer \u00e0 fonctionner et la transition d\u00e9mocratique se poursuivre compte tenu des difficult\u00e9s int\u00e9rieures et ext\u00e9rieures auxquelles la Tunisie faisait face.\u00bb C\u2019est ce qu\u2019affirme un rapport d\u2019information sur la politique europ\u00e9enne de voisinage, d\u00e9pos\u00e9 fin juillet dernier par la [&hellip;]<\/p>\n","protected":false},"author":1772,"featured_media":97950,"comment_status":"closed","ping_status":"closed","sticky":false,"template":"","format":"standard","meta":{"fifu_image_url":"","fifu_image_alt":"","footnotes":""},"categories":[73,55],"tags":[],"class_list":["post-97949","post","type-post","status-publish","format-standard","has-post-thumbnail","hentry","category-actualite","category-tunisie"],"_links":{"self":[{"href":"https:\/\/linitiative.ca\/International\/wp-json\/wp\/v2\/posts\/97949","targetHints":{"allow":["GET"]}}],"collection":[{"href":"https:\/\/linitiative.ca\/International\/wp-json\/wp\/v2\/posts"}],"about":[{"href":"https:\/\/linitiative.ca\/International\/wp-json\/wp\/v2\/types\/post"}],"author":[{"embeddable":true,"href":"https:\/\/linitiative.ca\/International\/wp-json\/wp\/v2\/users\/1772"}],"replies":[{"embeddable":true,"href":"https:\/\/linitiative.ca\/International\/wp-json\/wp\/v2\/comments?post=97949"}],"version-history":[{"count":0,"href":"https:\/\/linitiative.ca\/International\/wp-json\/wp\/v2\/posts\/97949\/revisions"}],"wp:featuredmedia":[{"embeddable":true,"href":"https:\/\/linitiative.ca\/International\/wp-json\/"}],"wp:attachment":[{"href":"https:\/\/linitiative.ca\/International\/wp-json\/wp\/v2\/media?parent=97949"}],"wp:term":[{"taxonomy":"category","embeddable":true,"href":"https:\/\/linitiative.ca\/International\/wp-json\/wp\/v2\/categories?post=97949"},{"taxonomy":"post_tag","embeddable":true,"href":"https:\/\/linitiative.ca\/International\/wp-json\/wp\/v2\/tags?post=97949"}],"curies":[{"name":"wp","href":"https:\/\/api.w.org\/{rel}","templated":true}]}}