{"id":97953,"date":"2020-09-05T06:00:00","date_gmt":"2020-09-05T10:00:00","guid":{"rendered":"https:\/\/linitiative.ca\/International\/reprise-partielle\/"},"modified":"2020-09-05T06:00:00","modified_gmt":"2020-09-05T10:00:00","slug":"reprise-partielle","status":"publish","type":"post","link":"https:\/\/linitiative.ca\/International\/reprise-partielle\/","title":{"rendered":"Reprise partielle"},"content":{"rendered":"<p>Ayant b\u00e9n\u00e9fici\u00e9 d&rsquo;une d\u00e9cision de prolongation de mandat, les \u0153uvres sociales de l&rsquo;\u00e9ducation n&rsquo;ont finalement repris que partiellement leurs activit\u00e9s. Les travailleurs du secteur sont inform\u00e9s que seules les primes pour d\u00e9c\u00e8s et mariage ou le remboursement de frais m\u00e9dicaux seront vers\u00e9s.\u00a0<br \/>Les demandes de pr\u00eat et l\u2019organisation de manifestations culturelles resteront suspendues jusqu&rsquo;au renouvellement des membres des commissions de wilaya dont la date n&rsquo;est pas encore fix\u00e9e.<\/p>\n<p>Auteur:<br \/>\n<a href=\"https:\/\/www.lesoirdalgerie.com\/periscoop\/reprise-partielle-47650\">Cliquez ici pour lire l&rsquo;article depuis sa source.<\/a><\/p>\n","protected":false},"excerpt":{"rendered":"<p>Ayant b\u00e9n\u00e9fici\u00e9 d&rsquo;une d\u00e9cision de prolongation de mandat, les \u0153uvres sociales de l&rsquo;\u00e9ducation n&rsquo;ont finalement repris que partiellement leurs activit\u00e9s. Les travailleurs du secteur sont inform\u00e9s que seules les primes pour d\u00e9c\u00e8s et mariage ou le remboursement de frais m\u00e9dicaux seront vers\u00e9s.\u00a0Les demandes de pr\u00eat et l\u2019organisation de manifestations culturelles resteront suspendues jusqu&rsquo;au renouvellement des [&hellip;]<\/p>\n","protected":false},"author":1741,"featured_media":0,"comment_status":"closed","ping_status":"closed","sticky":false,"template":"","format":"standard","meta":{"fifu_image_url":"","fifu_image_alt":"","footnotes":""},"categories":[73,53],"tags":[],"class_list":["post-97953","post","type-post","status-publish","format-standard","hentry","category-actualite","category-algerie"],"_links":{"self":[{"href":"https:\/\/linitiative.ca\/International\/wp-json\/wp\/v2\/posts\/97953","targetHints":{"allow":["GET"]}}],"collection":[{"href":"https:\/\/linitiative.ca\/International\/wp-json\/wp\/v2\/posts"}],"about":[{"href":"https:\/\/linitiative.ca\/International\/wp-json\/wp\/v2\/types\/post"}],"author":[{"embeddable":true,"href":"https:\/\/linitiative.ca\/International\/wp-json\/wp\/v2\/users\/1741"}],"replies":[{"embeddable":true,"href":"https:\/\/linitiative.ca\/International\/wp-json\/wp\/v2\/comments?post=97953"}],"version-history":[{"count":0,"href":"https:\/\/linitiative.ca\/International\/wp-json\/wp\/v2\/posts\/97953\/revisions"}],"wp:attachment":[{"href":"https:\/\/linitiative.ca\/International\/wp-json\/wp\/v2\/media?parent=97953"}],"wp:term":[{"taxonomy":"category","embeddable":true,"href":"https:\/\/linitiative.ca\/International\/wp-json\/wp\/v2\/categories?post=97953"},{"taxonomy":"post_tag","embeddable":true,"href":"https:\/\/linitiative.ca\/International\/wp-json\/wp\/v2\/tags?post=97953"}],"curies":[{"name":"wp","href":"https:\/\/api.w.org\/{rel}","templated":true}]}}