{"id":97954,"date":"2020-09-05T06:00:00","date_gmt":"2020-09-05T10:00:00","guid":{"rendered":"https:\/\/linitiative.ca\/International\/une-ecole-superieure-pour-le-numerique\/"},"modified":"2020-09-05T06:00:00","modified_gmt":"2020-09-05T10:00:00","slug":"une-ecole-superieure-pour-le-numerique","status":"publish","type":"post","link":"https:\/\/linitiative.ca\/International\/une-ecole-superieure-pour-le-numerique\/","title":{"rendered":"Une \u00e9cole sup\u00e9rieure pour le num\u00e9rique"},"content":{"rendered":"<p>Le gouvernement pr\u00e9voit la cr\u00e9ation, tr\u00e8s prochainement, d\u2019une \u00e9cole sup\u00e9rieure en sciences et technologies du num\u00e9rique \u00e0 B\u00e9ja\u00efa, plac\u00e9e sous la tutelle du minist\u00e8re de l\u2019Enseignement sup\u00e9rieur. Cette \u00e9cole comptera dans son conseil d\u2019administration des repr\u00e9sentants des minist\u00e8res de l\u2019\u00c9nergie, des PTT, de l\u2019Industrie, de la Num\u00e9risation et des Statistiques, entre autres. Outre la mission de former, l\u2019\u00e9cole sera \u00e9galement un p\u00f4le d\u2019excellence pour la recherche scientifique.<\/p>\n<p>Auteur:<br \/>\n<a href=\"https:\/\/www.lesoirdalgerie.com\/periscoop\/une-ecole-superieure-pour-le-numerique-47649\">Cliquez ici pour lire l&rsquo;article depuis sa source.<\/a><\/p>\n","protected":false},"excerpt":{"rendered":"<p>Le gouvernement pr\u00e9voit la cr\u00e9ation, tr\u00e8s prochainement, d\u2019une \u00e9cole sup\u00e9rieure en sciences et technologies du num\u00e9rique \u00e0 B\u00e9ja\u00efa, plac\u00e9e sous la tutelle du minist\u00e8re de l\u2019Enseignement sup\u00e9rieur. Cette \u00e9cole comptera dans son conseil d\u2019administration des repr\u00e9sentants des minist\u00e8res de l\u2019\u00c9nergie, des PTT, de l\u2019Industrie, de la Num\u00e9risation et des Statistiques, entre autres. Outre la mission [&hellip;]<\/p>\n","protected":false},"author":1741,"featured_media":0,"comment_status":"closed","ping_status":"closed","sticky":false,"template":"","format":"standard","meta":{"fifu_image_url":"","fifu_image_alt":"","footnotes":""},"categories":[73,53],"tags":[],"class_list":["post-97954","post","type-post","status-publish","format-standard","hentry","category-actualite","category-algerie"],"_links":{"self":[{"href":"https:\/\/linitiative.ca\/International\/wp-json\/wp\/v2\/posts\/97954","targetHints":{"allow":["GET"]}}],"collection":[{"href":"https:\/\/linitiative.ca\/International\/wp-json\/wp\/v2\/posts"}],"about":[{"href":"https:\/\/linitiative.ca\/International\/wp-json\/wp\/v2\/types\/post"}],"author":[{"embeddable":true,"href":"https:\/\/linitiative.ca\/International\/wp-json\/wp\/v2\/users\/1741"}],"replies":[{"embeddable":true,"href":"https:\/\/linitiative.ca\/International\/wp-json\/wp\/v2\/comments?post=97954"}],"version-history":[{"count":0,"href":"https:\/\/linitiative.ca\/International\/wp-json\/wp\/v2\/posts\/97954\/revisions"}],"wp:attachment":[{"href":"https:\/\/linitiative.ca\/International\/wp-json\/wp\/v2\/media?parent=97954"}],"wp:term":[{"taxonomy":"category","embeddable":true,"href":"https:\/\/linitiative.ca\/International\/wp-json\/wp\/v2\/categories?post=97954"},{"taxonomy":"post_tag","embeddable":true,"href":"https:\/\/linitiative.ca\/International\/wp-json\/wp\/v2\/tags?post=97954"}],"curies":[{"name":"wp","href":"https:\/\/api.w.org\/{rel}","templated":true}]}}