{"id":97955,"date":"2020-09-05T06:00:00","date_gmt":"2020-09-05T10:00:00","guid":{"rendered":"https:\/\/linitiative.ca\/International\/remaniement-imminent\/"},"modified":"2020-09-05T06:00:00","modified_gmt":"2020-09-05T10:00:00","slug":"remaniement-imminent","status":"publish","type":"post","link":"https:\/\/linitiative.ca\/International\/remaniement-imminent\/","title":{"rendered":"Remaniement imminent"},"content":{"rendered":"<p>Dans le sillage des changements enclench\u00e9s par Tebboune depuis quelque temps, il est pr\u00e9vu, nous confie-t-on de bonne source, un remaniement partiel du gouvernement Djerad. Ce remaniement, le deuxi\u00e8me du genre, concernerait, nous explique-t-on de m\u00eame source, des ministres dont les secteurs restent d\u00e9faillants ou qui n\u2019arrivent pas \u00e0 suivre le rythme que Tebboune veut imprimer \u00e0 l\u2019ex\u00e9cutif.<\/p>\n<p>Auteur:<br \/>\n<a href=\"https:\/\/www.lesoirdalgerie.com\/periscoop\/remaniement-imminent-47648\">Cliquez ici pour lire l&rsquo;article depuis sa source.<\/a><\/p>\n","protected":false},"excerpt":{"rendered":"<p>Dans le sillage des changements enclench\u00e9s par Tebboune depuis quelque temps, il est pr\u00e9vu, nous confie-t-on de bonne source, un remaniement partiel du gouvernement Djerad. Ce remaniement, le deuxi\u00e8me du genre, concernerait, nous explique-t-on de m\u00eame source, des ministres dont les secteurs restent d\u00e9faillants ou qui n\u2019arrivent pas \u00e0 suivre le rythme que Tebboune veut [&hellip;]<\/p>\n","protected":false},"author":1741,"featured_media":0,"comment_status":"closed","ping_status":"closed","sticky":false,"template":"","format":"standard","meta":{"fifu_image_url":"","fifu_image_alt":"","footnotes":""},"categories":[73,53],"tags":[],"class_list":["post-97955","post","type-post","status-publish","format-standard","hentry","category-actualite","category-algerie"],"_links":{"self":[{"href":"https:\/\/linitiative.ca\/International\/wp-json\/wp\/v2\/posts\/97955","targetHints":{"allow":["GET"]}}],"collection":[{"href":"https:\/\/linitiative.ca\/International\/wp-json\/wp\/v2\/posts"}],"about":[{"href":"https:\/\/linitiative.ca\/International\/wp-json\/wp\/v2\/types\/post"}],"author":[{"embeddable":true,"href":"https:\/\/linitiative.ca\/International\/wp-json\/wp\/v2\/users\/1741"}],"replies":[{"embeddable":true,"href":"https:\/\/linitiative.ca\/International\/wp-json\/wp\/v2\/comments?post=97955"}],"version-history":[{"count":0,"href":"https:\/\/linitiative.ca\/International\/wp-json\/wp\/v2\/posts\/97955\/revisions"}],"wp:attachment":[{"href":"https:\/\/linitiative.ca\/International\/wp-json\/wp\/v2\/media?parent=97955"}],"wp:term":[{"taxonomy":"category","embeddable":true,"href":"https:\/\/linitiative.ca\/International\/wp-json\/wp\/v2\/categories?post=97955"},{"taxonomy":"post_tag","embeddable":true,"href":"https:\/\/linitiative.ca\/International\/wp-json\/wp\/v2\/tags?post=97955"}],"curies":[{"name":"wp","href":"https:\/\/api.w.org\/{rel}","templated":true}]}}