{"id":97960,"date":"2020-09-05T06:56:57","date_gmt":"2020-09-05T10:56:57","guid":{"rendered":"https:\/\/linitiative.ca\/International\/khemisset-un-policier-contraint-dutiliser-son-arme-de-service\/"},"modified":"2020-09-05T06:56:57","modified_gmt":"2020-09-05T10:56:57","slug":"khemisset-un-policier-contraint-dutiliser-son-arme-de-service","status":"publish","type":"post","link":"https:\/\/linitiative.ca\/International\/khemisset-un-policier-contraint-dutiliser-son-arme-de-service\/","title":{"rendered":"Kh\u00e9misset : Un policier contraint d\u2019utiliser son arme de service"},"content":{"rendered":"<p><strong>Un brigadier de police exer\u00e7ant au district provincial de S\u00fbret\u00e9 de Kh\u00e9misset a \u00e9t\u00e9 contraint de faire usage de son arme de service, samedi, pour interpeller un individu aux multiples ant\u00e9c\u00e9dents judiciaires pour vol qualifi\u00e9, ayant commis un vol avec violence et expos\u00e9 la vie des \u00e9l\u00e9ments de la police \u00e0 une menace grave et s\u00e9rieuse, \u00e0 l\u2019aide de l\u2019arme blanche et d\u2019une bombe lacrymog\u00e8ne.<\/strong><\/p>\n<div class=\"c10\"\/>\n<p>Dans un communiqu\u00e9, la Direction g\u00e9n\u00e9rale de la S\u00fbret\u00e9 nationale (DGSN) indique que des \u00e9l\u00e9ments de la police \u00e9taient intervenus pour interpeller le suspect, \u00e2g\u00e9 de 27 ans, apr\u00e8s avoir commis un vol avec coups et blessures volontaires du t\u00e9l\u00e9phone portable d\u2019un individu, pr\u00e8s de l\u2019h\u00f4pital provincial de Kh\u00e9misset, avant qu\u2019il ne manifeste une opposition farouche face aux agents de s\u00e9curit\u00e9 \u00e0 l\u2019aide d\u2019un couteau et d\u2019une bombe lacrymog\u00e8ne, entra\u00eenant la suffocation d\u2019un policier.<\/p>\n<p><strong>Lire aussi |<\/strong><a href=\"https:\/\/www.challenge.ma\/covid-19-moncef-slaoui-tres-reserve-sur-la-disponibilite-dun-vaccin-dici-fin-octobre-155204\/\"><strong>Covid-19 : Moncef Slaoui tr\u00e8s r\u00e9serv\u00e9 sur la disponibilit\u00e9 d\u2019un vaccin d\u2019ici fin octobre<\/strong><\/a><\/p>\n<p>Devant cette situation, le brigadier de police a \u00e9t\u00e9 contraint de faire usage de son arme de service tirant une balle qui a atteint le mis en cause au niveau du ventre, ce qui a permis de neutraliser le danger, de saisir l\u2019arme blanche utilis\u00e9e dans l\u2019agression et de r\u00e9cup\u00e9rer le t\u00e9l\u00e9phone vol\u00e9.<\/p>\n<p>Le suspect a \u00e9t\u00e9 plac\u00e9 sous surveillance m\u00e9dicale au CHU Ibn Sina de Rabat, ou il a \u00e9t\u00e9 transf\u00e9r\u00e9 pour recevoir les soins n\u00e9cessaires, ajoute la m\u00eame source, notant que l\u2019enqu\u00eate pr\u00e9liminaire est men\u00e9e par la Brigade de la police judiciaire de Kh\u00e9misset sous la supervision du parquet comp\u00e9tent pour \u00e9lucider les circonstances de cette affaire.<\/p>\n<p><strong>Lire aussi |<\/strong><a href=\"https:\/\/www.challenge.ma\/coronavirus-interdiction-de-deplacements-de-et-vers-les-villes-de-khenifra-et-mrirt-a-partir-du-6-septembre-155172\/\"><strong>Coronavirus : interdiction de d\u00e9placements de et vers les villes de Kh\u00e9nifra et M\u2019rirt \u00e0 partir du 6 septembre<\/strong><\/a><\/p>\n<p>Avec MAP<\/p>\n<div class=\"vw-sticky-sidebar-wrapper vw-sticky-sidebar widget_text awac-wrapper widget_text awac widget custom_html-4 textwidget custom-html-widget\">\n<p class=\"has-background c12\"><span class=\"widget-title c11\">Tribune et D\u00e9bats<\/span><\/p>\n<p>La tribune qui vous parle d\u2019une actu, d\u2019un sujet qui fait d\u00e9bat, les traite et les analyse. \u00c9conomistes et autres experts, patrons d\u2019entreprises, d\u00e9cideurs, acteurs de la soci\u00e9t\u00e9 civile, s\u2019y prononcent et contribuent \u00e0 sa grande richesse. Vous avez votre opinion, convergente ou diff\u00e9rente. Exprimez-la et mesurez-vous ainsi \u00e0 nos tribuns et d\u00e9batteurs.<\/p>\n<p>Envoyez vos analyses \u00e0 : <a href=\"\/cdn-cgi\/l\/email-protection#7b1814150f1a180f3b18131a17171e151c1e55161a\"><span class=\"__cf_email__\" data-cfemail=\"82e1edecf6e3e1f6c2e1eae3eeeee7ece5e7acefe3\">[email\u00a0protected]<\/span><\/a>, en pr\u00e9cisant votre nom, votre pr\u00e9nom et votre m\u00e9tier.<\/p>\n<\/div>\n<p>Auteur: Hajar DARI<br \/>\n<a href=\"https:\/\/www.challenge.ma\/khemisset-un-policier-contraint-dutiliser-son-arme-de-service-155211\/\">Cliquez ici pour lire l&rsquo;article depuis sa source.<\/a><\/p>\n","protected":false},"excerpt":{"rendered":"<p>Un brigadier de police exer\u00e7ant au district provincial de S\u00fbret\u00e9 de Kh\u00e9misset a \u00e9t\u00e9 contraint de faire usage de son arme de service, samedi, pour interpeller un individu aux multiples ant\u00e9c\u00e9dents judiciaires pour vol qualifi\u00e9, ayant commis un vol avec violence et expos\u00e9 la vie des \u00e9l\u00e9ments de la police \u00e0 une menace grave et [&hellip;]<\/p>\n","protected":false},"author":1787,"featured_media":0,"comment_status":"closed","ping_status":"closed","sticky":false,"template":"","format":"standard","meta":{"fifu_image_url":"","fifu_image_alt":"","footnotes":""},"categories":[78,54],"tags":[],"class_list":["post-97960","post","type-post","status-publish","format-standard","hentry","category-economie","category-maroc"],"_links":{"self":[{"href":"https:\/\/linitiative.ca\/International\/wp-json\/wp\/v2\/posts\/97960","targetHints":{"allow":["GET"]}}],"collection":[{"href":"https:\/\/linitiative.ca\/International\/wp-json\/wp\/v2\/posts"}],"about":[{"href":"https:\/\/linitiative.ca\/International\/wp-json\/wp\/v2\/types\/post"}],"author":[{"embeddable":true,"href":"https:\/\/linitiative.ca\/International\/wp-json\/wp\/v2\/users\/1787"}],"replies":[{"embeddable":true,"href":"https:\/\/linitiative.ca\/International\/wp-json\/wp\/v2\/comments?post=97960"}],"version-history":[{"count":0,"href":"https:\/\/linitiative.ca\/International\/wp-json\/wp\/v2\/posts\/97960\/revisions"}],"wp:attachment":[{"href":"https:\/\/linitiative.ca\/International\/wp-json\/wp\/v2\/media?parent=97960"}],"wp:term":[{"taxonomy":"category","embeddable":true,"href":"https:\/\/linitiative.ca\/International\/wp-json\/wp\/v2\/categories?post=97960"},{"taxonomy":"post_tag","embeddable":true,"href":"https:\/\/linitiative.ca\/International\/wp-json\/wp\/v2\/tags?post=97960"}],"curies":[{"name":"wp","href":"https:\/\/api.w.org\/{rel}","templated":true}]}}