{"id":97971,"date":"2020-09-05T08:31:27","date_gmt":"2020-09-05T12:31:27","guid":{"rendered":"https:\/\/linitiative.ca\/International\/4-septembre-2020-73e-anniversaire-de-la-reconstitution-de-la-haute-volta-actuelle-burkina-faso-declaration\/"},"modified":"2020-09-05T08:31:27","modified_gmt":"2020-09-05T12:31:27","slug":"4-septembre-2020-73e-anniversaire-de-la-reconstitution-de-la-haute-volta-actuelle-burkina-faso-declaration","status":"publish","type":"post","link":"https:\/\/linitiative.ca\/International\/4-septembre-2020-73e-anniversaire-de-la-reconstitution-de-la-haute-volta-actuelle-burkina-faso-declaration\/","title":{"rendered":"4 septembre 2020 : 73e anniversaire de la reconstitution de la Haute Volta, actuelle Burkina Faso (d\u00e9claration)"},"content":{"rendered":"<div class=\"td-post-featured-image\"><a href=\"https:\/\/www.sidwaya.info\/wp-content\/uploads\/2020\/09\/bfas.jpeg\" data-caption=\"\"><img loading=\"lazy\" decoding=\"async\" width=\"696\" height=\"288\" class=\"entry-thumb td-modal-image\" src=\"https:\/\/www.sidwaya.info\/wp-content\/uploads\/2020\/09\/bfas-696x288.jpeg\" srcset=\"https:\/\/www.sidwaya.info\/wp-content\/uploads\/2020\/09\/bfas-696x288.jpeg 696w, https:\/\/www.sidwaya.info\/wp-content\/uploads\/2020\/09\/bfas-300x124.jpeg 300w, https:\/\/www.sidwaya.info\/wp-content\/uploads\/2020\/09\/bfas-768x317.jpeg 768w, https:\/\/www.sidwaya.info\/wp-content\/uploads\/2020\/09\/bfas.jpeg 900w\" sizes=\"auto, (max-width: 696px) 100vw, 696px\" alt=\"\" title=\"bfas\"\/><\/a><\/div>\n<p><strong>D\u00e9claration du Citoyen du Renouveau \u00e0 l\u2019occasion du 4 septembre 2020, date anniversaire de la reconstitution de la Haute Volta, actuelle Burkina Faso<\/strong><\/p>\n<p>Aujourd\u2019hui 4 septembre 2020 marque le 73<sup>e<\/sup> anniversaire de la reconstitution du Burkina Faso (Haute Volta, \u00e0 l\u2019\u00e9poque), dans ses fronti\u00e8res actuelles. En rappel, la colonie de Haute Volta a \u00e9t\u00e9 formalis\u00e9e en 1919 par le colonisateur fran\u00e7ais.\u00a0 Mais pour des raisons \u00e0 la fois \u00e9conomiques, politiques et administratives, notre cher pays, avant m\u00eame d\u2019acc\u00e9der \u00e0 son ind\u00e9pendance a \u00e9t\u00e9 d\u00e9mantel\u00e9 et partag\u00e9 entre ses voisins du Niger, du Mali et de la C\u00f4te d\u2019Ivoire \u00e0 partir de septembre 1932. Pendant 15 ans donc, notre pays, ses fils et filles, ses terres, ses richesses ont \u00e9t\u00e9 confisqu\u00e9s, notre culture pi\u00e9tin\u00e9e, notre dignit\u00e9 bafou\u00e9e.<\/p>\n<p>Mais, connus pour leur capacit\u00e9 de r\u00e9silience, pour leur refus de l\u2019humiliation, de braves fils de la Haute Volta, sous la houlette du Moogho Naaba Saaga, ont su, comme un seul homme, taire leurs divergences, leurs querelles intestines pour travailler avec intelligence, avec patience et avec d\u00e9termination \u00e0 la reconstitution du pays des Hommes int\u00e8gres le 4 septembre 1947. C\u2019est donc dire que nous devons l\u2019existence du Burkina Faso d\u2019aujourd\u2019hui \u00e0 ces hommes et femmes qui ont pris sur eux d\u2019assumer leur mission historique, en menant ce combat noble et juste.<\/p>\n<div class=\"td-a-rec td-a-rec-id-content_inline tdi_30_fa0 td_block_template_1\"><img loading=\"lazy\" decoding=\"async\" class=\"aligncenter size-full wp-image-21314\" src=\"https:\/\/www.sidwaya.info\/wp-content\/uploads\/2020\/04\/Bandeau-Covid-19-Sidwaya-1.jpg\" alt=\"\" width=\"790\" height=\"98\"\/><\/div>\n<p><strong>\u2018\u2019Croire en nos capacit\u00e9s de modeler notre destin\u2019\u2019<\/strong><\/p>\n<p>En ce jour anniversaire de cette date fondatrice, Citoyen du Renouveau invite tous les burkinab\u00e8 \u00e0 la c\u00e9l\u00e9bration de ce grand jour. Citoyen du Renouveau estime qu\u2019il est du devoir de notre g\u00e9n\u00e9ration de reconnaitre la bravoure de nos devanciers, de chanter leur louange, de magnifier leur conscience politique et patriotique aigue et d\u2019en faire des sources intarissables d\u2019inspiration. Ces moments historiques, m\u00e9connus malheureusement par la majorit\u00e9 de nos compatriotes, notamment les plus jeunes devraient \u00eatre des occasions pour d\u00e9construire les clich\u00e9s savamment inculqu\u00e9s \u00e0 nos populations et qui s\u00e8ment en eux les germes de la peur, du doute, du tremblement, de l\u2019agenouillement, du d\u00e9sespoir, du repli identitaire, de la stigmatisation\u2026 Cette date doit \u00eatre une occasion de croire en nous-m\u00eames, de croire en nos capacit\u00e9s de modeler notre destin, de chercher en nous les voies et moyens de nous frayer un chemin, de r\u00e9aliser nos r\u00eaves, de construire l\u2019Etat nation dont nous r\u00eavons.<\/p>\n<p>Cette date du 4 septembre nous exhorte \u00e0 comprendre que m\u00eame au plus profond de l\u2019ab\u00eeme, il y a toujours quelque part des lueurs qui annoncent le ciel \u00e9toil\u00e9. Se fondant sur le 4 septembre 1947, Citoyen du Renouveau croit dur qu\u2019\u00e0 tout engloutissement succ\u00e8de un surgissement. L\u2019important \u00e9tant de travailler \u00e0 b\u00e2tir notre destin, \u00e0 \u00eatre collectivement acteurs r\u00e9els et symboliques de l\u2019action d\u2019\u00e9dification du Burkina Faso, la forme de don la plus g\u00e9n\u00e9reuse que ces devanciers nous ont offert.<\/p>\n<p><strong>\u2018\u2019Notre diversit\u00e9 est notre force et elle doit la demeurer\u2019\u2019<\/strong><\/p>\n<p>En ces moments difficiles de l\u2019histoire de notre pays, o\u00f9 les forces du mal ont r\u00e9ussi \u00e0 mettre \u00e0 mal notre vivre ensemble, o\u00f9 les fondements de notre territoire sont menac\u00e9s, la date historique du 4 septembre vient nous rappeler la n\u00e9cessit\u00e9 de nous donner la main pour travailler \u00e0 sauvegarder l\u2019essentiel, c\u2019est-\u00e0-dire notre patrie. L\u2019arc en ciel ne doit-il pas sa beaut\u00e9 \u00e0 la diversit\u00e9 de ces couleurs\u00a0? Notre diversit\u00e9 est notre force et elle doit la demeurer.<\/p>\n<p>Si notre pays est consid\u00e9r\u00e9 par certains comme \u00e9tant au fond du gouffre, nous avons les ressorts n\u00e9cessaires d\u2019y sortir. La dislocation du pays et sa reconstitution gr\u00e2ce \u00e0 la clairvoyance et la perspicacit\u00e9 de ses fils et filles en est la preuve.<\/p>\n<p>C\u2019est le lieu pour notre mouvement de regretter qu\u2019aucun \u00e9difice public, aucun monument ne rappelle cette date pourtant historique, dans la marche de notre pays. Citoyen du Renouveau interpelle les autorit\u00e9s du pays \u00e0 en faire une date symbolique, mieux connue et c\u00e9l\u00e9br\u00e9e par l\u2019ensemble des Burkinab\u00e8. Pour sa part, notre Association a d\u00e9cid\u00e9 de marquer ce jour non seulement avec cette d\u00e9claration, mais aussi, \u00e0 travers la projection d\u2019un film suivi de d\u00e9bat ainsi qu\u2019une soir\u00e9e culturelle d\u00e9di\u00e9e \u00e0 la musique traditionnelle \u00ab\u00a0salou\u00a0\u00bb.<\/p>\n<p>C\u2019est ici l\u2019occasion pour notre Association de lancer un appel \u00e0 tous les jeunes, aux personnes du troisi\u00e8me \u00e2ge, ainsi qu\u2019aux femmes. Notre peuple n\u2019a jamais pli\u00e9 face aux malheurs. Nous avons toujours su comme le dit si bien le po\u00e8te \u2018\u2019naviguer en bravant les vagues\u2019\u2019. Citoyen du Renouveau exhorte \u00e0 poursuivre sur ce chemin car \u00ab\u00a0l\u2019ambition conduit aux exploits et la diligence aux succ\u00e8s \u00bb. Malgr\u00e9 les difficult\u00e9s, nous sommes pleinement confiants quant \u00e0 l\u2019avenir radieux de ce pays. Pour y parvenir, nous devons\u00a0:<\/p>\n<ul>\n<li>Faire preuve de patriotisme,<\/li>\n<li>Faire n\u00f4tre, les valeurs de citoyennet\u00e9\u00a0: civilit\u00e9, civisme et solidarit\u00e9\u00a0;<\/li>\n<li>Faire n\u00f4tre les valeurs du Burkindlim<\/li>\n<li>Puiser dans les valeurs du pass\u00e9 pour construire demain.<\/li>\n<\/ul>\n<p>Par-dessus tout, nous devons construire une puissante collaboration et complicit\u00e9 entre tous les acteurs politiques, \u00e9conomiques, intellectuels, force de d\u00e9fense et de s\u00e9curit\u00e9, notables traditionnels et religieux, avec les masses populaires, laborieuses et r\u00e9silientes, pour b\u00e2tir un Burkina Faso libre, d\u00e9velopp\u00e9 et respect\u00e9.<\/p>\n<p><strong>Fait \u00e0 Ouagadougou le 4 septembre 2020<\/strong><\/p>\n<p><strong>Pour le Citoyen du Renouveau,<\/strong><\/p>\n<p><strong>Le Pr\u00e9sident<\/strong><\/p>\n<div class=\"td-a-rec td-a-rec-id-content_bottom tdi_31_fff td_block_template_1\"><img loading=\"lazy\" decoding=\"async\" class=\"aligncenter size-full wp-image-22415\" src=\"https:\/\/www.sidwaya.info\/wp-content\/uploads\/2020\/05\/Bandeau-paiement-mobile-site.png\" alt=\"\" width=\"728\" height=\"90\"\/><\/div>\n<p>Auteur: BS. Sidwaya<br \/>\n<a href=\"https:\/\/www.sidwaya.info\/blog\/2020\/09\/05\/4-septembre-2020-73e-anniversaire-de-la-reconstitution-de-la-haute-volta-actuelle-burkina-faso-declaration\/\">Cliquez ici pour lire l&rsquo;article depuis sa source.<\/a><\/p>\n","protected":false},"excerpt":{"rendered":"<p>D\u00e9claration du Citoyen du Renouveau \u00e0 l\u2019occasion du 4 septembre 2020, date anniversaire de la reconstitution de la Haute Volta, actuelle Burkina Faso Aujourd\u2019hui 4 septembre 2020 marque le 73e anniversaire de la reconstitution du Burkina Faso (Haute Volta, \u00e0 l\u2019\u00e9poque), dans ses fronti\u00e8res actuelles. En rappel, la colonie de Haute Volta a \u00e9t\u00e9 formalis\u00e9e [&hellip;]<\/p>\n","protected":false},"author":1816,"featured_media":97972,"comment_status":"closed","ping_status":"closed","sticky":false,"template":"","format":"standard","meta":{"fifu_image_url":"","fifu_image_alt":"","footnotes":""},"categories":[73,81],"tags":[],"class_list":["post-97971","post","type-post","status-publish","format-standard","has-post-thumbnail","hentry","category-actualite","category-burkina-faso"],"_links":{"self":[{"href":"https:\/\/linitiative.ca\/International\/wp-json\/wp\/v2\/posts\/97971","targetHints":{"allow":["GET"]}}],"collection":[{"href":"https:\/\/linitiative.ca\/International\/wp-json\/wp\/v2\/posts"}],"about":[{"href":"https:\/\/linitiative.ca\/International\/wp-json\/wp\/v2\/types\/post"}],"author":[{"embeddable":true,"href":"https:\/\/linitiative.ca\/International\/wp-json\/wp\/v2\/users\/1816"}],"replies":[{"embeddable":true,"href":"https:\/\/linitiative.ca\/International\/wp-json\/wp\/v2\/comments?post=97971"}],"version-history":[{"count":0,"href":"https:\/\/linitiative.ca\/International\/wp-json\/wp\/v2\/posts\/97971\/revisions"}],"wp:featuredmedia":[{"embeddable":true,"href":"https:\/\/linitiative.ca\/International\/wp-json\/"}],"wp:attachment":[{"href":"https:\/\/linitiative.ca\/International\/wp-json\/wp\/v2\/media?parent=97971"}],"wp:term":[{"taxonomy":"category","embeddable":true,"href":"https:\/\/linitiative.ca\/International\/wp-json\/wp\/v2\/categories?post=97971"},{"taxonomy":"post_tag","embeddable":true,"href":"https:\/\/linitiative.ca\/International\/wp-json\/wp\/v2\/tags?post=97971"}],"curies":[{"name":"wp","href":"https:\/\/api.w.org\/{rel}","templated":true}]}}