{"id":98082,"date":"2020-09-07T11:03:03","date_gmt":"2020-09-07T15:03:03","guid":{"rendered":"https:\/\/linitiative.ca\/International\/etablissements-penitentiaires-suspension-des-visites-familiales-des-ce-mardi\/"},"modified":"2020-09-07T11:03:03","modified_gmt":"2020-09-07T15:03:03","slug":"etablissements-penitentiaires-suspension-des-visites-familiales-des-ce-mardi","status":"publish","type":"post","link":"https:\/\/linitiative.ca\/International\/etablissements-penitentiaires-suspension-des-visites-familiales-des-ce-mardi\/","title":{"rendered":"\u00c9tablissements p\u00e9nitentiaires :  Suspension des visites familiales d\u00e8s ce mardi"},"content":{"rendered":"<header readability=\"1.3343558282209\">\n<\/header>\n<div class=\"entry-content clearfix\" readability=\"46\"><img decoding=\"async\" class=\"post_layout_5_img\" src=\"http:\/\/aujourdhui.ma\/wp-content\/uploads\/2020\/07\/visites-familiales-a\u0300-la-prison-locale-de-Ain-Sbaa.jpg\" alt=\"&#xC9;tablissements p&#xE9;nitentiaires : Suspension des visites familiales d&#xE8;s ce mardi\"\/><\/p>\n<p><span class=\"c5\"><strong>Suite \u00e0 l\u2019\u00e9volution de la situation \u00e9pid\u00e9miologique<\/strong><\/span><span id=\"more-354806\"\/><\/p>\n<p>A partir de ce mardi, les visites familiales dans l\u2019ensemble des \u00e9tablissements p\u00e9nitentiaires sont suspendues, jusqu\u2019\u00e0 ce que les circonstances et les conditions appropri\u00e9es soient remplies pour les remettre en vigueur.<\/p>\n<p>C\u2019est ce qu\u2019a annonc\u00e9 lundi la D\u00e9l\u00e9gation g\u00e9n\u00e9rale \u00e0 l\u2019administration p\u00e9nitentiaire et \u00e0 la r\u00e9insertion (DGAPR).<\/p>\n<p>La m\u00eame source explique que cette d\u00e9cision a \u00e9t\u00e9 prise suite \u00e0 l\u2019\u00e9volution r\u00e9cente de la situation \u00e9pid\u00e9miologique dans notre pays. L\u2019objectif serait de prot\u00e9ger la population carc\u00e9rale ainsi que les fonctionnaires des \u00e9tablissements p\u00e9nitentiaires contre la propagation de la pand\u00e9mie de Covid-19.<\/p>\n<\/div>\n<p>Auteur: ALM<br \/>\n<a href=\"https:\/\/aujourdhui.ma\/societe\/etablissements-penitentiaires-suspension-des-visites-familiales-des-ce-mardi\">Cliquez ici pour lire l&rsquo;article depuis sa source.<\/a><\/p>\n","protected":false},"excerpt":{"rendered":"<p>Suite \u00e0 l\u2019\u00e9volution de la situation \u00e9pid\u00e9miologique A partir de ce mardi, les visites familiales dans l\u2019ensemble des \u00e9tablissements p\u00e9nitentiaires sont suspendues, jusqu\u2019\u00e0 ce que les circonstances et les conditions appropri\u00e9es soient remplies pour les remettre en vigueur. C\u2019est ce qu\u2019a annonc\u00e9 lundi la D\u00e9l\u00e9gation g\u00e9n\u00e9rale \u00e0 l\u2019administration p\u00e9nitentiaire et \u00e0 la r\u00e9insertion (DGAPR). La [&hellip;]<\/p>\n","protected":false},"author":1759,"featured_media":98083,"comment_status":"closed","ping_status":"closed","sticky":false,"template":"","format":"standard","meta":{"fifu_image_url":"","fifu_image_alt":"","footnotes":""},"categories":[73,54],"tags":[],"class_list":["post-98082","post","type-post","status-publish","format-standard","has-post-thumbnail","hentry","category-actualite","category-maroc"],"_links":{"self":[{"href":"https:\/\/linitiative.ca\/International\/wp-json\/wp\/v2\/posts\/98082","targetHints":{"allow":["GET"]}}],"collection":[{"href":"https:\/\/linitiative.ca\/International\/wp-json\/wp\/v2\/posts"}],"about":[{"href":"https:\/\/linitiative.ca\/International\/wp-json\/wp\/v2\/types\/post"}],"author":[{"embeddable":true,"href":"https:\/\/linitiative.ca\/International\/wp-json\/wp\/v2\/users\/1759"}],"replies":[{"embeddable":true,"href":"https:\/\/linitiative.ca\/International\/wp-json\/wp\/v2\/comments?post=98082"}],"version-history":[{"count":0,"href":"https:\/\/linitiative.ca\/International\/wp-json\/wp\/v2\/posts\/98082\/revisions"}],"wp:featuredmedia":[{"embeddable":true,"href":"https:\/\/linitiative.ca\/International\/wp-json\/"}],"wp:attachment":[{"href":"https:\/\/linitiative.ca\/International\/wp-json\/wp\/v2\/media?parent=98082"}],"wp:term":[{"taxonomy":"category","embeddable":true,"href":"https:\/\/linitiative.ca\/International\/wp-json\/wp\/v2\/categories?post=98082"},{"taxonomy":"post_tag","embeddable":true,"href":"https:\/\/linitiative.ca\/International\/wp-json\/wp\/v2\/tags?post=98082"}],"curies":[{"name":"wp","href":"https:\/\/api.w.org\/{rel}","templated":true}]}}