{"id":98084,"date":"2020-09-07T11:06:37","date_gmt":"2020-09-07T15:06:37","guid":{"rendered":"https:\/\/linitiative.ca\/International\/en-conseil-de-gouvernement-la-prolongation-de-letat-durgence-ce-mercredi\/"},"modified":"2020-09-07T11:06:37","modified_gmt":"2020-09-07T15:06:37","slug":"en-conseil-de-gouvernement-la-prolongation-de-letat-durgence-ce-mercredi","status":"publish","type":"post","link":"https:\/\/linitiative.ca\/International\/en-conseil-de-gouvernement-la-prolongation-de-letat-durgence-ce-mercredi\/","title":{"rendered":"En Conseil de gouvernement : La prolongation de l\u2019\u00e9tat d\u2019urgence ce mercredi"},"content":{"rendered":"<header readability=\"1.328313253012\">\n<\/header>\n<div class=\"entry-content clearfix\" readability=\"53\"><img decoding=\"async\" class=\"post_layout_5_img\" src=\"http:\/\/aujourdhui.ma\/wp-content\/uploads\/2020\/07\/Conseil-du-gouvernement-Saad-Eddine-El-Othmani.jpg\" alt=\"En Conseil de gouvernement : La prolongation de l&#x2019;&#xE9;tat d&#x2019;urgence ce mercredi\"\/><\/p>\n<p><span class=\"c5\"><strong>Un Conseil de gouvernement se tiendra mercredi.<\/strong><\/span><\/p>\n<p>Au menu, un projet de d\u00e9cret relatif \u00e0 la prolongation de l\u2019\u00e9tat d\u2019urgence sanitaire dans l\u2019ensemble du territoire national afin de faire face \u00e0 la pand\u00e9mie de Covid-19, apprend-on de sources gouvernementales.<\/p>\n<p>En outre, un projet de d\u00e9cret-loi relatif aux mesures exceptionnelles au profit d\u2019employeurs adh\u00e9rents \u00e0 la Caisse nationale de la s\u00e9curit\u00e9 sociale (CNSS), et de leurs employ\u00e9s d\u00e9clar\u00e9s, ainsi que de certaines cat\u00e9gories de travailleurs ind\u00e9pendants et de personnes non-salari\u00e9es assur\u00e9es aupr\u00e8s de la CNSS ayant souffert des retomb\u00e9es de la pand\u00e9mie sera examin\u00e9. Il sera \u00e9galement question d\u2019\u00e9tudier la Charte africaine sur la s\u00e9curit\u00e9 routi\u00e8re, adopt\u00e9e \u00e0 Addis Abeba (\u00c9thiopie) le 31 janvier 2016, ainsi que d\u2019un projet de loi portant approbation de cette charte.<\/p>\n<p>A la fin de ces travaux, le Conseil de gouvernement examinera des propositions de nominations \u00e0 de hautes fonctions conform\u00e9ment \u00e0 l\u2019article 92 de la Constitution, selon la m\u00eame source.<\/p>\n<\/div>\n<p>Auteur: ALM<br \/>\n<a href=\"https:\/\/aujourdhui.ma\/actualite\/en-conseil-de-gouvernement-la-prolongation-de-letat-durgence-ce-mercredi\">Cliquez ici pour lire l&rsquo;article depuis sa source.<\/a><\/p>\n","protected":false},"excerpt":{"rendered":"<p>Un Conseil de gouvernement se tiendra mercredi. Au menu, un projet de d\u00e9cret relatif \u00e0 la prolongation de l\u2019\u00e9tat d\u2019urgence sanitaire dans l\u2019ensemble du territoire national afin de faire face \u00e0 la pand\u00e9mie de Covid-19, apprend-on de sources gouvernementales. En outre, un projet de d\u00e9cret-loi relatif aux mesures exceptionnelles au profit d\u2019employeurs adh\u00e9rents \u00e0 la [&hellip;]<\/p>\n","protected":false},"author":1759,"featured_media":98085,"comment_status":"closed","ping_status":"closed","sticky":false,"template":"","format":"standard","meta":{"fifu_image_url":"","fifu_image_alt":"","footnotes":""},"categories":[73,54],"tags":[],"class_list":["post-98084","post","type-post","status-publish","format-standard","has-post-thumbnail","hentry","category-actualite","category-maroc"],"_links":{"self":[{"href":"https:\/\/linitiative.ca\/International\/wp-json\/wp\/v2\/posts\/98084","targetHints":{"allow":["GET"]}}],"collection":[{"href":"https:\/\/linitiative.ca\/International\/wp-json\/wp\/v2\/posts"}],"about":[{"href":"https:\/\/linitiative.ca\/International\/wp-json\/wp\/v2\/types\/post"}],"author":[{"embeddable":true,"href":"https:\/\/linitiative.ca\/International\/wp-json\/wp\/v2\/users\/1759"}],"replies":[{"embeddable":true,"href":"https:\/\/linitiative.ca\/International\/wp-json\/wp\/v2\/comments?post=98084"}],"version-history":[{"count":0,"href":"https:\/\/linitiative.ca\/International\/wp-json\/wp\/v2\/posts\/98084\/revisions"}],"wp:featuredmedia":[{"embeddable":true,"href":"https:\/\/linitiative.ca\/International\/wp-json\/"}],"wp:attachment":[{"href":"https:\/\/linitiative.ca\/International\/wp-json\/wp\/v2\/media?parent=98084"}],"wp:term":[{"taxonomy":"category","embeddable":true,"href":"https:\/\/linitiative.ca\/International\/wp-json\/wp\/v2\/categories?post=98084"},{"taxonomy":"post_tag","embeddable":true,"href":"https:\/\/linitiative.ca\/International\/wp-json\/wp\/v2\/tags?post=98084"}],"curies":[{"name":"wp","href":"https:\/\/api.w.org\/{rel}","templated":true}]}}