{"id":98096,"date":"2020-09-07T11:12:07","date_gmt":"2020-09-07T15:12:07","guid":{"rendered":"https:\/\/linitiative.ca\/International\/assassinat-de-khashoggi-les-peines-commuees-a-lextreme\/"},"modified":"2020-09-07T11:12:07","modified_gmt":"2020-09-07T15:12:07","slug":"assassinat-de-khashoggi-les-peines-commuees-a-lextreme","status":"publish","type":"post","link":"https:\/\/linitiative.ca\/International\/assassinat-de-khashoggi-les-peines-commuees-a-lextreme\/","title":{"rendered":"Assassinat de Khashoggi: Les peines commu\u00e9es \u00e0 l\u2019extr\u00eame"},"content":{"rendered":"<div class=\"desc descp__content\" data-io-article-url=\"https:\/\/www.mosaiquefm.net\/fr\/actualites-internationales\/791713\/assassinat-de-khashoggi-les-peines-commuees-a-l-extreme\">\n<p>Un tribunal saoudien a condamn\u00e9 lundi huit personnes \u00e0 des peines allant de sept \u00e0 20 ans de prison pour le meurtre du journaliste Jamal Khashoggi, r\u00e9visant un verdict pr\u00e9c\u00e9dent comportant cinq peines de mort, selon l\u2019agence officielle SPA.<\/p>\n<p>\u00ab Cinq pr\u00e9venus ont \u00e9t\u00e9 condamn\u00e9s \u00e0 20 ans de prison, et trois autres \u00e0 des peines allant de 7 \u00e0 10 ans \u00bb, a indiqu\u00e9 l\u2019agence de presse, citant les services du Procureur g\u00e9n\u00e9ral.<\/p>\n<p>Ce jugement, qualifi\u00e9 de verdict final, intervient apr\u00e8s que les fils de Jamal Khashoggi aient annonc\u00e9 en mai avoir \u00ab pardonn\u00e9 \u00bb \u00e0 ses tueurs.<\/p>\n<p>(AFP)<\/p>\n<\/div>\n<div class=\"wp-post-author-wrap wp-post-author-shortcode left\">\n<h3 class=\"awpa-title\"\/>\n<div class=\"wp-post-author\">\n<div class=\"awpa-img awpa-author-block square\"><a href=\"http:\/\/lexpertjournal.net\/fr\/?author=5\"><img loading=\"lazy\" decoding=\"async\" alt=\"\" src=\"http:\/\/0.gravatar.com\/avatar\/97f8e10a1c1125ba104a76514ee07b16?s=150&amp;d=mm&amp;r=g\" srcset=\"http:\/\/0.gravatar.com\/avatar\/97f8e10a1c1125ba104a76514ee07b16?s=300&amp;d=mm&amp;r=g 2x\" class=\"avatar avatar-150 photo\" height=\"150\" width=\"150\"\/><\/a><\/div>\n<\/div>\n<\/div>\n<aside class=\"mashsb-container mashsb-main mashsb-stretched\">\n<\/aside>\n<p>Auteur: L&rsquo;expert<br \/>\n<a href=\"http:\/\/lexpertjournal.net\/fr\/?p=16529\">Cliquez ici pour lire l&rsquo;article depuis sa source.<\/a><\/p>\n","protected":false},"excerpt":{"rendered":"<p>Un tribunal saoudien a condamn\u00e9 lundi huit personnes \u00e0 des peines allant de sept \u00e0 20 ans de prison pour le meurtre du journaliste Jamal Khashoggi, r\u00e9visant un verdict pr\u00e9c\u00e9dent comportant cinq peines de mort, selon l\u2019agence officielle SPA. \u00ab Cinq pr\u00e9venus ont \u00e9t\u00e9 condamn\u00e9s \u00e0 20 ans de prison, et trois autres \u00e0 des [&hellip;]<\/p>\n","protected":false},"author":1775,"featured_media":0,"comment_status":"closed","ping_status":"closed","sticky":false,"template":"","format":"standard","meta":{"fifu_image_url":"","fifu_image_alt":"","footnotes":""},"categories":[78,55],"tags":[],"class_list":["post-98096","post","type-post","status-publish","format-standard","hentry","category-economie","category-tunisie"],"_links":{"self":[{"href":"https:\/\/linitiative.ca\/International\/wp-json\/wp\/v2\/posts\/98096","targetHints":{"allow":["GET"]}}],"collection":[{"href":"https:\/\/linitiative.ca\/International\/wp-json\/wp\/v2\/posts"}],"about":[{"href":"https:\/\/linitiative.ca\/International\/wp-json\/wp\/v2\/types\/post"}],"author":[{"embeddable":true,"href":"https:\/\/linitiative.ca\/International\/wp-json\/wp\/v2\/users\/1775"}],"replies":[{"embeddable":true,"href":"https:\/\/linitiative.ca\/International\/wp-json\/wp\/v2\/comments?post=98096"}],"version-history":[{"count":0,"href":"https:\/\/linitiative.ca\/International\/wp-json\/wp\/v2\/posts\/98096\/revisions"}],"wp:attachment":[{"href":"https:\/\/linitiative.ca\/International\/wp-json\/wp\/v2\/media?parent=98096"}],"wp:term":[{"taxonomy":"category","embeddable":true,"href":"https:\/\/linitiative.ca\/International\/wp-json\/wp\/v2\/categories?post=98096"},{"taxonomy":"post_tag","embeddable":true,"href":"https:\/\/linitiative.ca\/International\/wp-json\/wp\/v2\/tags?post=98096"}],"curies":[{"name":"wp","href":"https:\/\/api.w.org\/{rel}","templated":true}]}}