{"id":98097,"date":"2020-09-07T11:14:06","date_gmt":"2020-09-07T15:14:06","guid":{"rendered":"https:\/\/linitiative.ca\/International\/des-fans-de-la-jsk-recusent-le-bsirila-ftf-le-confirme\/"},"modified":"2020-09-07T11:14:06","modified_gmt":"2020-09-07T15:14:06","slug":"des-fans-de-la-jsk-recusent-le-bsirila-ftf-le-confirme","status":"publish","type":"post","link":"https:\/\/linitiative.ca\/International\/des-fans-de-la-jsk-recusent-le-bsirila-ftf-le-confirme\/","title":{"rendered":"Des fans de la JSK r\u00e9cusent le Bsiri\u2026la FTF le confirme"},"content":{"rendered":"<p><strong>Un groupe de fans de la Jeunesse sportive kairouanaise a organis\u00e9 ce lundi 7 septembre 2020, un sit-in devant le si\u00e8ge du gouvernorat.<\/strong><\/p>\n<p>Ils ont r\u00e9clam\u00e9 le changement du lieu du match face au Club athl\u00e9tique bizertin, d\u00e9sign\u00e9 au stade Ahmed Bsiri.<\/p>\n<p>D\u2019un autre c\u00f4t\u00e9, Mohamed Mamni, pr\u00e9sident de la JSK; a rencontr\u00e9 Wadii Jarii, pr\u00e9sident de la FTF qui l\u2019a inform\u00e9 qu\u2019il \u00e9tait impossible de changer le stade.<\/p>\n<p>Mais il lui a toutefois assur\u00e9 que la F\u00e9d\u00e9ration assurera toutes les conditions de r\u00e9ussite pour ce match.<\/p>\n<p>source:mosaiquefm<\/p>\n<div class=\"wp-post-author-wrap wp-post-author-shortcode left\">\n<h3 class=\"awpa-title\"\/>\n<div class=\"wp-post-author\">\n<div class=\"awpa-img awpa-author-block square\"><a href=\"http:\/\/lexpertjournal.net\/fr\/?author=5\"><img loading=\"lazy\" decoding=\"async\" alt=\"\" src=\"http:\/\/0.gravatar.com\/avatar\/97f8e10a1c1125ba104a76514ee07b16?s=150&amp;d=mm&amp;r=g\" srcset=\"http:\/\/0.gravatar.com\/avatar\/97f8e10a1c1125ba104a76514ee07b16?s=300&amp;d=mm&amp;r=g 2x\" class=\"avatar avatar-150 photo\" height=\"150\" width=\"150\"\/><\/a><\/div>\n<\/div>\n<\/div>\n<aside class=\"mashsb-container mashsb-main mashsb-stretched\">\n<\/aside>\n<p>Auteur: L&rsquo;expert<br \/>\n<a href=\"http:\/\/lexpertjournal.net\/fr\/?p=16532\">Cliquez ici pour lire l&rsquo;article depuis sa source.<\/a><\/p>\n","protected":false},"excerpt":{"rendered":"<p>Un groupe de fans de la Jeunesse sportive kairouanaise a organis\u00e9 ce lundi 7 septembre 2020, un sit-in devant le si\u00e8ge du gouvernorat. Ils ont r\u00e9clam\u00e9 le changement du lieu du match face au Club athl\u00e9tique bizertin, d\u00e9sign\u00e9 au stade Ahmed Bsiri. D\u2019un autre c\u00f4t\u00e9, Mohamed Mamni, pr\u00e9sident de la JSK; a rencontr\u00e9 Wadii Jarii, [&hellip;]<\/p>\n","protected":false},"author":1775,"featured_media":0,"comment_status":"closed","ping_status":"closed","sticky":false,"template":"","format":"standard","meta":{"fifu_image_url":"","fifu_image_alt":"","footnotes":""},"categories":[78,55],"tags":[],"class_list":["post-98097","post","type-post","status-publish","format-standard","hentry","category-economie","category-tunisie"],"_links":{"self":[{"href":"https:\/\/linitiative.ca\/International\/wp-json\/wp\/v2\/posts\/98097","targetHints":{"allow":["GET"]}}],"collection":[{"href":"https:\/\/linitiative.ca\/International\/wp-json\/wp\/v2\/posts"}],"about":[{"href":"https:\/\/linitiative.ca\/International\/wp-json\/wp\/v2\/types\/post"}],"author":[{"embeddable":true,"href":"https:\/\/linitiative.ca\/International\/wp-json\/wp\/v2\/users\/1775"}],"replies":[{"embeddable":true,"href":"https:\/\/linitiative.ca\/International\/wp-json\/wp\/v2\/comments?post=98097"}],"version-history":[{"count":0,"href":"https:\/\/linitiative.ca\/International\/wp-json\/wp\/v2\/posts\/98097\/revisions"}],"wp:attachment":[{"href":"https:\/\/linitiative.ca\/International\/wp-json\/wp\/v2\/media?parent=98097"}],"wp:term":[{"taxonomy":"category","embeddable":true,"href":"https:\/\/linitiative.ca\/International\/wp-json\/wp\/v2\/categories?post=98097"},{"taxonomy":"post_tag","embeddable":true,"href":"https:\/\/linitiative.ca\/International\/wp-json\/wp\/v2\/tags?post=98097"}],"curies":[{"name":"wp","href":"https:\/\/api.w.org\/{rel}","templated":true}]}}