{"id":98098,"date":"2020-09-07T11:25:50","date_gmt":"2020-09-07T15:25:50","guid":{"rendered":"https:\/\/linitiative.ca\/International\/sncft-deraillement-dun-train-du-sahel\/"},"modified":"2020-09-07T11:25:50","modified_gmt":"2020-09-07T15:25:50","slug":"sncft-deraillement-dun-train-du-sahel","status":"publish","type":"post","link":"https:\/\/linitiative.ca\/International\/sncft-deraillement-dun-train-du-sahel\/","title":{"rendered":"SNCFT: D\u00e9raillement d\u2019un train du sahel"},"content":{"rendered":"<div class=\"desc descp__content\" data-io-article-url=\"https:\/\/www.mosaiquefm.net\/fr\/communiques-de-presse-tunisie\/791737\/sncft-deraillement-d-un-train-du-sahel\">\n<p><strong>La Soci\u00e9t\u00e9 nationale des chemins de fer Tunisiens a annonc\u00e9 ce lundi 7 septembre 2020 qu\u2019une rame d\u2019un des trains du sahel reliant Sousse, Bab Jedid, Monastir et Mahdia a d\u00e9raill\u00e9 vers 9 heures 47 minutes. L\u2019accident n\u2019a pas fait de d\u00e9g\u00e2ts selon le m\u00eame communiqu\u00e9.<\/strong><\/p>\n<p>La rame a \u00e9t\u00e9 remise sur les rails vers 14 heures et sans causer d\u2019encombrement de la circulation des autres trains.<\/p>\n<p>La soci\u00e9t\u00e9 a par contre indiqu\u00e9 que l\u2019enqu\u00eate continue pour d\u00e9terminer les causes de cet accident et ses circonstances.<\/p>\n<\/div>\n<div class=\"date text-center\">source:mosaiquefm<\/div>\n<div class=\"wp-post-author-wrap wp-post-author-shortcode left\">\n<h3 class=\"awpa-title\"\/>\n<div class=\"wp-post-author\">\n<div class=\"awpa-img awpa-author-block square\"><a href=\"http:\/\/lexpertjournal.net\/fr\/?author=5\"><img loading=\"lazy\" decoding=\"async\" alt=\"\" src=\"http:\/\/0.gravatar.com\/avatar\/97f8e10a1c1125ba104a76514ee07b16?s=150&amp;d=mm&amp;r=g\" srcset=\"http:\/\/0.gravatar.com\/avatar\/97f8e10a1c1125ba104a76514ee07b16?s=300&amp;d=mm&amp;r=g 2x\" class=\"avatar avatar-150 photo\" height=\"150\" width=\"150\"\/><\/a><\/div>\n<\/div>\n<\/div>\n<aside class=\"mashsb-container mashsb-main mashsb-stretched\">\n<\/aside>\n<p>Auteur: L&rsquo;expert<br \/>\n<a href=\"http:\/\/lexpertjournal.net\/fr\/?p=16535\">Cliquez ici pour lire l&rsquo;article depuis sa source.<\/a><\/p>\n","protected":false},"excerpt":{"rendered":"<p>La Soci\u00e9t\u00e9 nationale des chemins de fer Tunisiens a annonc\u00e9 ce lundi 7 septembre 2020 qu\u2019une rame d\u2019un des trains du sahel reliant Sousse, Bab Jedid, Monastir et Mahdia a d\u00e9raill\u00e9 vers 9 heures 47 minutes. L\u2019accident n\u2019a pas fait de d\u00e9g\u00e2ts selon le m\u00eame communiqu\u00e9. La rame a \u00e9t\u00e9 remise sur les rails vers [&hellip;]<\/p>\n","protected":false},"author":1775,"featured_media":0,"comment_status":"closed","ping_status":"closed","sticky":false,"template":"","format":"standard","meta":{"fifu_image_url":"","fifu_image_alt":"","footnotes":""},"categories":[78,55],"tags":[],"class_list":["post-98098","post","type-post","status-publish","format-standard","hentry","category-economie","category-tunisie"],"_links":{"self":[{"href":"https:\/\/linitiative.ca\/International\/wp-json\/wp\/v2\/posts\/98098","targetHints":{"allow":["GET"]}}],"collection":[{"href":"https:\/\/linitiative.ca\/International\/wp-json\/wp\/v2\/posts"}],"about":[{"href":"https:\/\/linitiative.ca\/International\/wp-json\/wp\/v2\/types\/post"}],"author":[{"embeddable":true,"href":"https:\/\/linitiative.ca\/International\/wp-json\/wp\/v2\/users\/1775"}],"replies":[{"embeddable":true,"href":"https:\/\/linitiative.ca\/International\/wp-json\/wp\/v2\/comments?post=98098"}],"version-history":[{"count":0,"href":"https:\/\/linitiative.ca\/International\/wp-json\/wp\/v2\/posts\/98098\/revisions"}],"wp:attachment":[{"href":"https:\/\/linitiative.ca\/International\/wp-json\/wp\/v2\/media?parent=98098"}],"wp:term":[{"taxonomy":"category","embeddable":true,"href":"https:\/\/linitiative.ca\/International\/wp-json\/wp\/v2\/categories?post=98098"},{"taxonomy":"post_tag","embeddable":true,"href":"https:\/\/linitiative.ca\/International\/wp-json\/wp\/v2\/tags?post=98098"}],"curies":[{"name":"wp","href":"https:\/\/api.w.org\/{rel}","templated":true}]}}