{"id":98099,"date":"2020-09-07T13:03:16","date_gmt":"2020-09-07T17:03:16","guid":{"rendered":"https:\/\/linitiative.ca\/International\/une-convention-pour-la-creation-de-startups-dans-les-domaines-du-patrimoine-de-la-culture-et-des-arts\/"},"modified":"2020-09-07T13:03:16","modified_gmt":"2020-09-07T17:03:16","slug":"une-convention-pour-la-creation-de-startups-dans-les-domaines-du-patrimoine-de-la-culture-et-des-arts","status":"publish","type":"post","link":"https:\/\/linitiative.ca\/International\/une-convention-pour-la-creation-de-startups-dans-les-domaines-du-patrimoine-de-la-culture-et-des-arts\/","title":{"rendered":"Une convention pour la cr\u00e9ation de startups dans les domaines du patrimoine, de la culture et des arts"},"content":{"rendered":"<p><span class=\"sp-nh-title\">L&rsquo;\u00e9lite m\u00e9dicale a d\u00e9montr\u00e9 sa comp\u00e9tence durant la pand\u00e9mie de Covid-19<\/span> &#8211; <span class=\"sp-nh-date\">lundi 7 septembre 2020 17:16<\/span><\/p>\n<p><span class=\"sp-nh-title\">D\u00e9c\u00e8s du G\u00e9n\u00e9ral-Major Meftah Souab: le chef d&rsquo;Etat-Major de l&rsquo;ANP pr\u00e9sente ses condol\u00e9ances \u00e0 la famille du d\u00e9funt<\/span> &#8211; <span class=\"sp-nh-date\">lundi 7 septembre 2020 17:10<\/span><\/p>\n<p><span class=\"sp-nh-title\">D\u00e9c\u00e8s de Meftah Souab: Tebboune salue le riche parcours du d\u00e9funt au service de l&rsquo;ANP<\/span> &#8211; <span class=\"sp-nh-date\">lundi 7 septembre 2020 17:04<\/span><\/p>\n<p><span class=\"sp-nh-title\">Coronavirus : 289 nouveaux cas, 240 gu\u00e9risons et 6 d\u00e9c\u00e8s<\/span> &#8211; <span class=\"sp-nh-date\">lundi 7 septembre 2020 16:52<\/span><\/p>\n<p><span class=\"sp-nh-title\">Baisse du taux d&rsquo;analphab\u00e9tisme en Alg\u00e9rie \u00e0 8,71<\/span> &#8211; <span class=\"sp-nh-date\">lundi 7 septembre 2020 16:39<\/span><\/p>\n<p><span class=\"sp-nh-title\">Grande Mosqu\u00e9e d&rsquo;Alger: un co\u00fbt de r\u00e9alisation de pr\u00e8s de 900 millions d&rsquo;euros<\/span> &#8211; <span class=\"sp-nh-date\">lundi 7 septembre 2020 16:31<\/span><\/p>\n<p><span class=\"sp-nh-title\">Education: Coup d&rsquo;envoi de trois projets num\u00e9riques<\/span> &#8211; <span class=\"sp-nh-date\">lundi 7 septembre 2020 16:26<\/span><\/p>\n<p><span class=\"sp-nh-title\">Le Pr\u00e9sident Tebboune re\u00e7oit l&rsquo;ambassadeur de l&rsquo;Etat du Vatican en Alg\u00e9rie<\/span> &#8211; <span class=\"sp-nh-date\">lundi 7 septembre 2020 14:56<\/span><\/p>\n<p><span class=\"sp-nh-title\">Djerad : le projet de r\u00e9vision de la Constitution insufflera une forte dynamique \u00e0 notre pays<\/span> &#8211; <span class=\"sp-nh-date\">lundi 7 septembre 2020 14:47<\/span><\/p>\n<p><span class=\"sp-nh-title\">Boumerdes-zones d&rsquo;ombre: 37 raccordements en GN achev\u00e9s sur 210 programm\u00e9s<\/span> &#8211; <span class=\"sp-nh-date\">lundi 7 septembre 2020 14:29<\/span><\/p>\n<p><span class=\"sp-nh-title\">Ligue 1: Le calendrier de d\u00e9p\u00f4t des dossiers pour la licence de club professionnel<\/span> &#8211; <span class=\"sp-nh-date\">lundi 7 septembre 2020 13:11<\/span><\/p>\n<p><span class=\"sp-nh-title\">Djerad : la date d\u00e9finitive de la rentr\u00e9e scolaire sera fix\u00e9e selon l&rsquo;\u00e9volution de la pand\u00e9mie<\/span> &#8211; <span class=\"sp-nh-date\">lundi 7 septembre 2020 12:48<\/span><\/p>\n<p><span class=\"sp-nh-title\">R\u00e9vision constitutionnelle : une priorit\u00e9 du pr\u00e9sident Tebboune pour une Alg\u00e9rie nouvelle<\/span> &#8211; <span class=\"sp-nh-date\">lundi 7 septembre 2020 12:31<\/span><\/p>\n<p><span class=\"sp-nh-title\">Fuite de l&rsquo;ol\u00e9oduc OK1 \u00e0 El-Oued: fin de l&rsquo;op\u00e9ration de maintenance et reprise du pompage de p\u00e9trole<\/span> &#8211; <span class=\"sp-nh-date\">lundi 7 septembre 2020 12:22<\/span><\/p>\n<p><span class=\"sp-nh-title\">Pluies orageuses sur plusieurs wilayas de l&rsquo;Est du pays \u00e0 partir de lundi apr\u00e8s-midi<\/span> &#8211; <span class=\"sp-nh-date\">lundi 7 septembre 2020 12:08<\/span><\/p>\n<p><span class=\"sp-nh-title\">Inspection des \u00e9tablissements culturels pour lutter contre la dilapidation des deniers publics<\/span> &#8211; <span class=\"sp-nh-date\">lundi 7 septembre 2020 11:47<\/span><\/p>\n<p><span class=\"sp-nh-title\">ANP : d\u00e9couverte et destruction de 16 casemates pour terroristes en ao\u00fbt<\/span> &#8211; <span class=\"sp-nh-date\">lundi 7 septembre 2020 11:31<\/span><\/p>\n<p><span class=\"sp-nh-title\">Une convention pour la cr\u00e9ation de startups dans les domaines du patrimoine, de la culture et des arts<\/span> &#8211; <span class=\"sp-nh-date\">lundi 7 septembre 2020 11:26<\/span><\/p>\n<p><span class=\"sp-nh-title\">Djerad donne le coup d\u2019envoi des \u00e9preuves du Brevet de l\u2019enseignement moyen \u00e0 partir de Blida<\/span> &#8211; <span class=\"sp-nh-date\">lundi 7 septembre 2020 11:18<\/span><\/p>\n<p><span class=\"sp-nh-title\">BEM: plus de 669.000 candidats se pr\u00e9sentent aux \u00e9preuves \u00e0 travers le territoire national<\/span> &#8211; <span class=\"sp-nh-date\">lundi 7 septembre 2020 10:59<\/span><\/p>\n<p>Auteur:<br \/>\n<a href=\"http:\/\/www.aps.dz\/culture\/109407-une-convention-pour-la-creation-de-startups-dans-les-domaines-du-patrimoine-de-la-culture-et-des-arts\">Cliquez ici pour lire l&rsquo;article depuis sa source.<\/a><\/p>\n","protected":false},"excerpt":{"rendered":"<p>L&rsquo;\u00e9lite m\u00e9dicale a d\u00e9montr\u00e9 sa comp\u00e9tence durant la pand\u00e9mie de Covid-19 &#8211; lundi 7 septembre 2020 17:16 D\u00e9c\u00e8s du G\u00e9n\u00e9ral-Major Meftah Souab: le chef d&rsquo;Etat-Major de l&rsquo;ANP pr\u00e9sente ses condol\u00e9ances \u00e0 la famille du d\u00e9funt &#8211; lundi 7 septembre 2020 17:10 D\u00e9c\u00e8s de Meftah Souab: Tebboune salue le riche parcours du d\u00e9funt au service de [&hellip;]<\/p>\n","protected":false},"author":1790,"featured_media":0,"comment_status":"closed","ping_status":"closed","sticky":false,"template":"","format":"standard","meta":{"fifu_image_url":"","fifu_image_alt":"","footnotes":""},"categories":[53,79],"tags":[],"class_list":["post-98099","post","type-post","status-publish","format-standard","hentry","category-algerie","category-culture"],"_links":{"self":[{"href":"https:\/\/linitiative.ca\/International\/wp-json\/wp\/v2\/posts\/98099","targetHints":{"allow":["GET"]}}],"collection":[{"href":"https:\/\/linitiative.ca\/International\/wp-json\/wp\/v2\/posts"}],"about":[{"href":"https:\/\/linitiative.ca\/International\/wp-json\/wp\/v2\/types\/post"}],"author":[{"embeddable":true,"href":"https:\/\/linitiative.ca\/International\/wp-json\/wp\/v2\/users\/1790"}],"replies":[{"embeddable":true,"href":"https:\/\/linitiative.ca\/International\/wp-json\/wp\/v2\/comments?post=98099"}],"version-history":[{"count":0,"href":"https:\/\/linitiative.ca\/International\/wp-json\/wp\/v2\/posts\/98099\/revisions"}],"wp:attachment":[{"href":"https:\/\/linitiative.ca\/International\/wp-json\/wp\/v2\/media?parent=98099"}],"wp:term":[{"taxonomy":"category","embeddable":true,"href":"https:\/\/linitiative.ca\/International\/wp-json\/wp\/v2\/categories?post=98099"},{"taxonomy":"post_tag","embeddable":true,"href":"https:\/\/linitiative.ca\/International\/wp-json\/wp\/v2\/tags?post=98099"}],"curies":[{"name":"wp","href":"https:\/\/api.w.org\/{rel}","templated":true}]}}