{"id":98114,"date":"2020-09-07T09:48:11","date_gmt":"2020-09-07T13:48:11","guid":{"rendered":"https:\/\/linitiative.ca\/International\/casablanca-le-tram-tourne-a-plein-regime-des-aujourdhui\/"},"modified":"2020-09-07T09:48:11","modified_gmt":"2020-09-07T13:48:11","slug":"casablanca-le-tram-tourne-a-plein-regime-des-aujourdhui","status":"publish","type":"post","link":"https:\/\/linitiative.ca\/International\/casablanca-le-tram-tourne-a-plein-regime-des-aujourdhui\/","title":{"rendered":"Casablanca: Le tram tourne \u00e0 plein r\u00e9gime d\u00e8s aujourd&rsquo;hui"},"content":{"rendered":"<div class=\"body\">\n<div class=\"field field-name-body field-type-text-with-summary field-label-hidden\">\n<div class=\"field-items\" readability=\"9\">\n<div class=\"field-item even\" property=\"content:encoded\" readability=\"13\">\n<p class=\"rtejustify\">Apr\u00e8s des mois de confinement et de baisse de fr\u00e9quences, le tramway casablancais reprend la cadence. Pour cette rentr\u00e9e scolaire, les fr\u00e9quences en heure de pointe les matins et les soirs seront de 5 mn sur la ligne 1 et de 7 mn sur la ligne 2. Il s\u2019agit des fr\u00e9quences maximales pouvant \u00eatre propos\u00e9es en consid\u00e9ration de l\u2019architecture du r\u00e9seau, de la flotte de tramway disponible et des conditions g\u00e9n\u00e9rales de circulation de Casablanca. Le nombre de voyageurs par rame est toutefois limit\u00e9 \u00e0 50% de sa capacit\u00e9.<br \/><em>\u00a0A.E.<\/em><\/p>\n<\/div>\n<\/div>\n<\/div>\n<\/div>\n<div class=\"eco-conseil\">\n<div class=\"view view-eco-conseil-16 view-id-eco_conseil_16 view-display-id-cookies view-dom-id-8e4a3cd3f823c4bc2cce6e20c3f2fd31\">\n<div class=\"view-content\">\n<div id=\"views-bootstrap-grid-1\" class=\"views-bootstrap-grid-plugin-style\">\n<div class=\"row\">\n<div class=\" col-xs-12 col-lg-4\">\n<div class=\"row\">\n<div class=\"col col-xs-12 col-lg-12\">\n<div class=\"field-content\"><a href=\"\/article\/1066826-covid-19-vaccination-ce-que-prevoit-l-oms\"><img loading=\"lazy\" decoding=\"async\" class=\"img-responsive\" typeof=\"foaf:Image\" src=\"https:\/\/www.leconomiste.com\/sites\/default\/files\/eco7\/public\/styles\/800x400\/public\/default_images\/default_une.jpg?itok=4jZlgnIZ\" width=\"660\" height=\"330\" alt=\"\"\/><\/a><\/div>\n<\/div>\n<div class=\" title_suite_2 col col-xs-12 col-lg-12\"> <a href=\"\/article\/1066826-covid-19-vaccination-ce-que-prevoit-l-oms\"\/><span class=\"field-content\">Covid-19\/Vaccination: Ce que pr\u00e9voit l\u2019OMS<\/span><\/div>\n<\/div>\n<\/div>\n<div class=\" col-xs-12 col-lg-4\">\n<div class=\"row\">\n<div class=\"col col-xs-12 col-lg-12\">\n<div class=\"field-content\"><a href=\"\/article\/1066825-l-adm-communique\"><img loading=\"lazy\" decoding=\"async\" class=\"img-responsive\" typeof=\"foaf:Image\" src=\"https:\/\/www.leconomiste.com\/sites\/default\/files\/eco7\/public\/styles\/800x400\/public\/default_images\/default_une.jpg?itok=4jZlgnIZ\" width=\"660\" height=\"330\" alt=\"\"\/><\/a><\/div>\n<\/div>\n<div class=\" title_suite_2 col col-xs-12 col-lg-12\"> <a href=\"\/article\/1066825-l-adm-communique\"\/><span class=\"field-content\">L\u2019ADM communique<\/span><\/div>\n<\/div>\n<\/div>\n<div class=\" col-xs-12 col-lg-4\">\n<div class=\"row\">\n<div class=\"col col-xs-12 col-lg-12\">\n<div class=\"field-content\"><a href=\"\/article\/1066824-l-industrie-s-ameliore\"><img loading=\"lazy\" decoding=\"async\" class=\"img-responsive\" typeof=\"foaf:Image\" src=\"https:\/\/www.leconomiste.com\/sites\/default\/files\/eco7\/public\/styles\/800x400\/public\/default_images\/default_une.jpg?itok=4jZlgnIZ\" width=\"660\" height=\"330\" alt=\"\"\/><\/a><\/div>\n<\/div>\n<div class=\" title_suite_2 col col-xs-12 col-lg-12\"> <a href=\"\/article\/1066824-l-industrie-s-ameliore\"\/><span class=\"field-content\">L&rsquo;industrie s&rsquo;am\u00e9liore<\/span><\/div>\n<\/div>\n<\/div>\n<\/div>\n<\/div>\n<\/div>\n<\/div>\n<\/div>\n<p>Auteur: hlafriqi<br \/>\n<a href=\"https:\/\/www.leconomiste.com\/article\/1066822-casablanca-le-tram-tourne-plein-regime-des-aujourd-hui\">Cliquez ici pour lire l&rsquo;article depuis sa source.<\/a><\/p>\n","protected":false},"excerpt":{"rendered":"<p>Apr\u00e8s des mois de confinement et de baisse de fr\u00e9quences, le tramway casablancais reprend la cadence. Pour cette rentr\u00e9e scolaire, les fr\u00e9quences en heure de pointe les matins et les soirs seront de 5 mn sur la ligne 1 et de 7 mn sur la ligne 2. Il s\u2019agit des fr\u00e9quences maximales pouvant \u00eatre propos\u00e9es [&hellip;]<\/p>\n","protected":false},"author":1763,"featured_media":0,"comment_status":"closed","ping_status":"closed","sticky":false,"template":"","format":"standard","meta":{"fifu_image_url":"","fifu_image_alt":"","footnotes":""},"categories":[78,54],"tags":[],"class_list":["post-98114","post","type-post","status-publish","format-standard","hentry","category-economie","category-maroc"],"_links":{"self":[{"href":"https:\/\/linitiative.ca\/International\/wp-json\/wp\/v2\/posts\/98114","targetHints":{"allow":["GET"]}}],"collection":[{"href":"https:\/\/linitiative.ca\/International\/wp-json\/wp\/v2\/posts"}],"about":[{"href":"https:\/\/linitiative.ca\/International\/wp-json\/wp\/v2\/types\/post"}],"author":[{"embeddable":true,"href":"https:\/\/linitiative.ca\/International\/wp-json\/wp\/v2\/users\/1763"}],"replies":[{"embeddable":true,"href":"https:\/\/linitiative.ca\/International\/wp-json\/wp\/v2\/comments?post=98114"}],"version-history":[{"count":0,"href":"https:\/\/linitiative.ca\/International\/wp-json\/wp\/v2\/posts\/98114\/revisions"}],"wp:attachment":[{"href":"https:\/\/linitiative.ca\/International\/wp-json\/wp\/v2\/media?parent=98114"}],"wp:term":[{"taxonomy":"category","embeddable":true,"href":"https:\/\/linitiative.ca\/International\/wp-json\/wp\/v2\/categories?post=98114"},{"taxonomy":"post_tag","embeddable":true,"href":"https:\/\/linitiative.ca\/International\/wp-json\/wp\/v2\/tags?post=98114"}],"curies":[{"name":"wp","href":"https:\/\/api.w.org\/{rel}","templated":true}]}}