{"id":98115,"date":"2020-09-07T09:49:23","date_gmt":"2020-09-07T13:49:23","guid":{"rendered":"https:\/\/linitiative.ca\/International\/parcs-industriels-mca-morocco-prolonge-le-delai-de-depot-des-offres\/"},"modified":"2020-09-07T09:49:23","modified_gmt":"2020-09-07T13:49:23","slug":"parcs-industriels-mca-morocco-prolonge-le-delai-de-depot-des-offres","status":"publish","type":"post","link":"https:\/\/linitiative.ca\/International\/parcs-industriels-mca-morocco-prolonge-le-delai-de-depot-des-offres\/","title":{"rendered":"Parcs industriels: MCA-Morocco prolonge le d\u00e9lai de d\u00e9p\u00f4t des offres"},"content":{"rendered":"<div class=\"body\">\n<div class=\"field field-name-body field-type-text-with-summary field-label-hidden\">\n<div class=\"field-items\" readability=\"9.6486486486486\">\n<div class=\"field-item even\" property=\"content:encoded\" readability=\"14.702702702703\">\n<p class=\"rtejustify\">Du nouveau pour le projet d\u2019am\u00e9nagement, de d\u00e9veloppement et de gestion de 3 zones industrielles dans la R\u00e9gion Casablanca-Settat. Suite aux demandes formul\u00e9es par des candidats et compte tenu notamment des contraintes li\u00e9es au prolongement de l\u2019\u00e9tat d\u2019urgence sanitaire, l\u2019Agence MCA-Morocco vient de reporter la date de d\u00e9p\u00f4t des offres au 29 octobre prochain. Le MCC financera, rappelons-le,\u00a0 trois parcs industriels totalisant 140 hectares dans la r\u00e9gion de Casa-Settat \u00e0 Had Soualem, Bouznika et Sahel Lakhyayta <a href=\"https:\/\/leconomiste.com\/archive\/edition\/5834\" target=\"_blank\" rel=\"noopener noreferrer\"><span><strong><em>(cf. L&rsquo;Economiste, \u00e9dition du 2 septembre 2020)<\/em><\/strong><\/span><\/a>. \u00a0<br \/><em>A.E.<\/em><\/p>\n<\/div>\n<\/div>\n<\/div>\n<\/div>\n<div class=\"eco-conseil\">\n<div class=\"view view-eco-conseil-16 view-id-eco_conseil_16 view-display-id-cookies view-dom-id-297d3fb7b516d6fe70341fd8550fde58\">\n<div class=\"view-content\">\n<div id=\"views-bootstrap-grid-1\" class=\"views-bootstrap-grid-plugin-style\">\n<div class=\"row\">\n<div class=\" col-xs-12 col-lg-4\">\n<div class=\"row\">\n<div class=\"col col-xs-12 col-lg-12\">\n<div class=\"field-content\"><a href=\"\/article\/1066826-covid-19-vaccination-ce-que-prevoit-l-oms\"><img loading=\"lazy\" decoding=\"async\" class=\"img-responsive\" typeof=\"foaf:Image\" src=\"https:\/\/www.leconomiste.com\/sites\/default\/files\/eco7\/public\/styles\/800x400\/public\/default_images\/default_une.jpg?itok=4jZlgnIZ\" width=\"660\" height=\"330\" alt=\"\"\/><\/a><\/div>\n<\/div>\n<div class=\" title_suite_2 col col-xs-12 col-lg-12\"> <a href=\"\/article\/1066826-covid-19-vaccination-ce-que-prevoit-l-oms\"\/><span class=\"field-content\">Covid-19\/Vaccination: Ce que pr\u00e9voit l\u2019OMS<\/span><\/div>\n<\/div>\n<\/div>\n<div class=\" col-xs-12 col-lg-4\">\n<div class=\"row\">\n<div class=\"col col-xs-12 col-lg-12\">\n<div class=\"field-content\"><a href=\"\/article\/1066825-l-adm-communique\"><img loading=\"lazy\" decoding=\"async\" class=\"img-responsive\" typeof=\"foaf:Image\" src=\"https:\/\/www.leconomiste.com\/sites\/default\/files\/eco7\/public\/styles\/800x400\/public\/default_images\/default_une.jpg?itok=4jZlgnIZ\" width=\"660\" height=\"330\" alt=\"\"\/><\/a><\/div>\n<\/div>\n<div class=\" title_suite_2 col col-xs-12 col-lg-12\"> <a href=\"\/article\/1066825-l-adm-communique\"\/><span class=\"field-content\">L\u2019ADM communique<\/span><\/div>\n<\/div>\n<\/div>\n<div class=\" col-xs-12 col-lg-4\">\n<div class=\"row\">\n<div class=\"col col-xs-12 col-lg-12\">\n<div class=\"field-content\"><a href=\"\/article\/1066824-l-industrie-s-ameliore\"><img loading=\"lazy\" decoding=\"async\" class=\"img-responsive\" typeof=\"foaf:Image\" src=\"https:\/\/www.leconomiste.com\/sites\/default\/files\/eco7\/public\/styles\/800x400\/public\/default_images\/default_une.jpg?itok=4jZlgnIZ\" width=\"660\" height=\"330\" alt=\"\"\/><\/a><\/div>\n<\/div>\n<div class=\" title_suite_2 col col-xs-12 col-lg-12\"> <a href=\"\/article\/1066824-l-industrie-s-ameliore\"\/><span class=\"field-content\">L&rsquo;industrie s&rsquo;am\u00e9liore<\/span><\/div>\n<\/div>\n<\/div>\n<\/div>\n<\/div>\n<\/div>\n<\/div>\n<\/div>\n<p>Auteur: hlafriqi<br \/>\n<a href=\"https:\/\/www.leconomiste.com\/article\/1066823-parcs-industriels-mca-morocco-prolonge-le-delai-de-depot-des-offres\">Cliquez ici pour lire l&rsquo;article depuis sa source.<\/a><\/p>\n","protected":false},"excerpt":{"rendered":"<p>Du nouveau pour le projet d\u2019am\u00e9nagement, de d\u00e9veloppement et de gestion de 3 zones industrielles dans la R\u00e9gion Casablanca-Settat. Suite aux demandes formul\u00e9es par des candidats et compte tenu notamment des contraintes li\u00e9es au prolongement de l\u2019\u00e9tat d\u2019urgence sanitaire, l\u2019Agence MCA-Morocco vient de reporter la date de d\u00e9p\u00f4t des offres au 29 octobre prochain. Le [&hellip;]<\/p>\n","protected":false},"author":1763,"featured_media":0,"comment_status":"closed","ping_status":"closed","sticky":false,"template":"","format":"standard","meta":{"fifu_image_url":"","fifu_image_alt":"","footnotes":""},"categories":[78,54],"tags":[],"class_list":["post-98115","post","type-post","status-publish","format-standard","hentry","category-economie","category-maroc"],"_links":{"self":[{"href":"https:\/\/linitiative.ca\/International\/wp-json\/wp\/v2\/posts\/98115","targetHints":{"allow":["GET"]}}],"collection":[{"href":"https:\/\/linitiative.ca\/International\/wp-json\/wp\/v2\/posts"}],"about":[{"href":"https:\/\/linitiative.ca\/International\/wp-json\/wp\/v2\/types\/post"}],"author":[{"embeddable":true,"href":"https:\/\/linitiative.ca\/International\/wp-json\/wp\/v2\/users\/1763"}],"replies":[{"embeddable":true,"href":"https:\/\/linitiative.ca\/International\/wp-json\/wp\/v2\/comments?post=98115"}],"version-history":[{"count":0,"href":"https:\/\/linitiative.ca\/International\/wp-json\/wp\/v2\/posts\/98115\/revisions"}],"wp:attachment":[{"href":"https:\/\/linitiative.ca\/International\/wp-json\/wp\/v2\/media?parent=98115"}],"wp:term":[{"taxonomy":"category","embeddable":true,"href":"https:\/\/linitiative.ca\/International\/wp-json\/wp\/v2\/categories?post=98115"},{"taxonomy":"post_tag","embeddable":true,"href":"https:\/\/linitiative.ca\/International\/wp-json\/wp\/v2\/tags?post=98115"}],"curies":[{"name":"wp","href":"https:\/\/api.w.org\/{rel}","templated":true}]}}