{"id":98117,"date":"2020-09-07T09:51:31","date_gmt":"2020-09-07T13:51:31","guid":{"rendered":"https:\/\/linitiative.ca\/International\/ladm-communique\/"},"modified":"2020-09-07T09:51:31","modified_gmt":"2020-09-07T13:51:31","slug":"ladm-communique","status":"publish","type":"post","link":"https:\/\/linitiative.ca\/International\/ladm-communique\/","title":{"rendered":"L\u2019ADM communique"},"content":{"rendered":"<div class=\"body\">\n<div class=\"field field-name-body field-type-text-with-summary field-label-hidden\">\n<div class=\"field-items\" readability=\"8\">\n<div class=\"field-item even\" property=\"content:encoded\" readability=\"11\">\n<p class=\"rtejustify\">La Soci\u00e9t\u00e9 nationale des autoroutes du Maroc informe ses clients usagers de l\u2019autoroute Casablanca-Marrakech que dans le cadre des op\u00e9rations d\u2019entretien et de maintenance de l\u2019infrastructure, les travaux de mise \u00e0 niveau et de r\u00e9am\u00e9nagement de l\u2019\u00e9changeur Berrechid Est ont \u00e9t\u00e9 entam\u00e9s depuis quelques mois. Ils ont atteint une phase qui va perturber temporairement la circulation sur la bretelle de sortie pour les clients usagers en provenance de Marrakech ou de Settat et \u00e0 destination de Berrechid ou Khouribga \u00e0 partir du 08\/09\/2020 jusqu&rsquo;au 15\/09\/2020 (une semaine). Ces travaux n&rsquo;auront aucun impact sur le flux de circulation de et vers les autres sens de circulation. Pour\u00a0 plus d\u2019informations contacter le centre d\u2019appel au N\u00b05050. \u00a0<br \/><em>F.Z.T. <\/em><\/p>\n<\/div>\n<\/div>\n<\/div>\n<\/div>\n<div class=\"eco-conseil\">\n<div class=\"view view-eco-conseil-16 view-id-eco_conseil_16 view-display-id-cookies view-dom-id-878661f36f5c8000e1b4b499dc8621e3\">\n<div class=\"view-content\">\n<div id=\"views-bootstrap-grid-1\" class=\"views-bootstrap-grid-plugin-style\">\n<div class=\"row\">\n<div class=\" col-xs-12 col-lg-4\">\n<div class=\"row\">\n<div class=\"col col-xs-12 col-lg-12\">\n<div class=\"field-content\"><a href=\"\/article\/1066826-covid-19-vaccination-ce-que-prevoit-l-oms\"><img loading=\"lazy\" decoding=\"async\" class=\"img-responsive\" typeof=\"foaf:Image\" src=\"https:\/\/www.leconomiste.com\/sites\/default\/files\/eco7\/public\/styles\/800x400\/public\/default_images\/default_une.jpg?itok=4jZlgnIZ\" width=\"660\" height=\"330\" alt=\"\"\/><\/a><\/div>\n<\/div>\n<div class=\" title_suite_2 col col-xs-12 col-lg-12\"> <a href=\"\/article\/1066826-covid-19-vaccination-ce-que-prevoit-l-oms\"\/><span class=\"field-content\">Covid-19\/Vaccination: Ce que pr\u00e9voit l\u2019OMS<\/span><\/div>\n<\/div>\n<\/div>\n<div class=\" col-xs-12 col-lg-4\">\n<div class=\"row\">\n<div class=\"col col-xs-12 col-lg-12\">\n<div class=\"field-content\"><a href=\"\/article\/1066824-l-industrie-s-ameliore\"><img loading=\"lazy\" decoding=\"async\" class=\"img-responsive\" typeof=\"foaf:Image\" src=\"https:\/\/www.leconomiste.com\/sites\/default\/files\/eco7\/public\/styles\/800x400\/public\/default_images\/default_une.jpg?itok=4jZlgnIZ\" width=\"660\" height=\"330\" alt=\"\"\/><\/a><\/div>\n<\/div>\n<div class=\" title_suite_2 col col-xs-12 col-lg-12\"> <a href=\"\/article\/1066824-l-industrie-s-ameliore\"\/><span class=\"field-content\">L&rsquo;industrie s&rsquo;am\u00e9liore<\/span><\/div>\n<\/div>\n<\/div>\n<div class=\" col-xs-12 col-lg-4\">\n<div class=\"row\">\n<div class=\"col col-xs-12 col-lg-12\">\n<div class=\"field-content\"><a href=\"\/article\/1066823-parcs-industriels-mca-morocco-prolonge-le-delai-de-depot-des-offres\"><img loading=\"lazy\" decoding=\"async\" class=\"img-responsive\" typeof=\"foaf:Image\" src=\"https:\/\/www.leconomiste.com\/sites\/default\/files\/eco7\/public\/styles\/800x400\/public\/default_images\/default_une.jpg?itok=4jZlgnIZ\" width=\"660\" height=\"330\" alt=\"\"\/><\/a><\/div>\n<\/div>\n<div class=\" title_suite_2 col col-xs-12 col-lg-12\"> <a href=\"\/article\/1066823-parcs-industriels-mca-morocco-prolonge-le-delai-de-depot-des-offres\"\/><span class=\"field-content\">Parcs industriels: MCA-Morocco prolonge le d\u00e9lai de d\u00e9p\u00f4t des offres<\/span><\/div>\n<\/div>\n<\/div>\n<\/div>\n<\/div>\n<\/div>\n<\/div>\n<\/div>\n<p>Auteur: hlafriqi<br \/>\n<a href=\"https:\/\/www.leconomiste.com\/article\/1066825-l-adm-communique\">Cliquez ici pour lire l&rsquo;article depuis sa source.<\/a><\/p>\n","protected":false},"excerpt":{"rendered":"<p>La Soci\u00e9t\u00e9 nationale des autoroutes du Maroc informe ses clients usagers de l\u2019autoroute Casablanca-Marrakech que dans le cadre des op\u00e9rations d\u2019entretien et de maintenance de l\u2019infrastructure, les travaux de mise \u00e0 niveau et de r\u00e9am\u00e9nagement de l\u2019\u00e9changeur Berrechid Est ont \u00e9t\u00e9 entam\u00e9s depuis quelques mois. Ils ont atteint une phase qui va perturber temporairement la [&hellip;]<\/p>\n","protected":false},"author":1763,"featured_media":0,"comment_status":"closed","ping_status":"closed","sticky":false,"template":"","format":"standard","meta":{"fifu_image_url":"","fifu_image_alt":"","footnotes":""},"categories":[78,54],"tags":[],"class_list":["post-98117","post","type-post","status-publish","format-standard","hentry","category-economie","category-maroc"],"_links":{"self":[{"href":"https:\/\/linitiative.ca\/International\/wp-json\/wp\/v2\/posts\/98117","targetHints":{"allow":["GET"]}}],"collection":[{"href":"https:\/\/linitiative.ca\/International\/wp-json\/wp\/v2\/posts"}],"about":[{"href":"https:\/\/linitiative.ca\/International\/wp-json\/wp\/v2\/types\/post"}],"author":[{"embeddable":true,"href":"https:\/\/linitiative.ca\/International\/wp-json\/wp\/v2\/users\/1763"}],"replies":[{"embeddable":true,"href":"https:\/\/linitiative.ca\/International\/wp-json\/wp\/v2\/comments?post=98117"}],"version-history":[{"count":0,"href":"https:\/\/linitiative.ca\/International\/wp-json\/wp\/v2\/posts\/98117\/revisions"}],"wp:attachment":[{"href":"https:\/\/linitiative.ca\/International\/wp-json\/wp\/v2\/media?parent=98117"}],"wp:term":[{"taxonomy":"category","embeddable":true,"href":"https:\/\/linitiative.ca\/International\/wp-json\/wp\/v2\/categories?post=98117"},{"taxonomy":"post_tag","embeddable":true,"href":"https:\/\/linitiative.ca\/International\/wp-json\/wp\/v2\/tags?post=98117"}],"curies":[{"name":"wp","href":"https:\/\/api.w.org\/{rel}","templated":true}]}}