{"id":98157,"date":"2020-09-07T12:12:20","date_gmt":"2020-09-07T16:12:20","guid":{"rendered":"https:\/\/linitiative.ca\/International\/audio-badreddine-gammoudi-dement-lexistence-de-concertations-avec-certains-blocs-en-vue-de-former-une-coalition-parlementaire\/"},"modified":"2020-09-07T12:12:20","modified_gmt":"2020-09-07T16:12:20","slug":"audio-badreddine-gammoudi-dement-lexistence-de-concertations-avec-certains-blocs-en-vue-de-former-une-coalition-parlementaire","status":"publish","type":"post","link":"https:\/\/linitiative.ca\/International\/audio-badreddine-gammoudi-dement-lexistence-de-concertations-avec-certains-blocs-en-vue-de-former-une-coalition-parlementaire\/","title":{"rendered":"[audio] : Badreddine Gammoudi d\u00e9ment l\u2019existence de concertations avec certains blocs en vue de former une coalition parlementaire"},"content":{"rendered":"<div class=\"post-cont-in left relative\">\n<p>Le d\u00e9put\u00e9 du Mouvement du Peuple, Badreddine Gamoudi a d\u00e9menti les informations relay\u00e9es derni\u00e8rement, selon lesquelles il y a des concertations entre les blocs parlementaires d\u2019<a href=\"https:\/\/www.tunisienumerique.com\/tunisie-actualite\/ennahdha\/\" title=\"Ennahdha\" target=\"_top\" class=\"auto-link\" rel=\"noopener noreferrer\">Ennahdha<\/a>, de <a href=\"https:\/\/www.tunisienumerique.com\/tunisie-actualite\/qalb-tounes\/\" title=\"Qalb Tounes\" target=\"_top\" class=\"auto-link\" rel=\"noopener noreferrer\">Qalb Tounes<\/a>, de la coaltion El Karama, d\u2019El Mostakbal et celui du Mouvement du Peuple en vue de former une coalition parlementaire constituant une ceinture politique au gouvernement <a href=\"https:\/\/www.tunisienumerique.com\/tunisie-actualite\/mechichi\/\" title=\"Mechichi\" target=\"_top\" class=\"auto-link\" rel=\"noopener noreferrer\">Mechichi<\/a>.<\/p>\n<div class=\"code-block code-block-1 c3\"><ins class=\"adsbygoogle c2\" data-ad-layout=\"in-article\" data-ad-format=\"fluid\" data-ad-client=\"ca-pub-2102118777505746\" data-ad-slot=\"7301775417\"\/> <\/div>\n<p>Dans une d\u00e9claration accord\u00e9e \u00e0 Tunisienum\u00e9rique, ce lundi 7 septembre 2020,le d\u00e9put\u00e9 a affirm\u00e9 que son parti avait vot\u00e9 contre le gouvernement Mechichi ce qui implique qu\u2019il sera dans l\u2019opposition. Le politicien a, par ailleurs, soulign\u00e9 que toute coordination ou toute concertation men\u00e9e par le Mouvement Populaire se fera en coop\u00e9ration avec son alli\u00e9 strat\u00e9gique au sein du Bloc d\u00e9mocratique, soit le Courant D\u00e9mocrate.<\/p>\n<div class=\"swp_social_panel swp_horizontal_panel swp_flat_fresh swp_default_full_color swp_individual_full_color swp_other_full_color scale-100 scale-\" data-min-width=\"1100\" data-float-color=\"#ffffff\" data-float=\"bottom\" data-float-mobile=\"bottom\" data-transition=\"slide\">\n<div class=\"nc_tweetContainer swp_share_button total_shares total_sharesalt\"><span class=\"swp_count\">4 <span class=\"swp_label\">Partages<\/span><\/span><\/div>\n<\/div>\n<p><strong>Que se passe-t-il en Tunisie?<\/strong><br \/>Nous expliquons sur notre <a href=\"https:\/\/www.youtube.com\/channel\/UCRzypVq0B_yBad5eGrwBx0Q?sub_confirmation=1\" target=\"_blank\" rel=\"noopener noreferrer\">cha\u00eene YouTube<\/a> . <a href=\"https:\/\/www.youtube.com\/channel\/UCRzypVq0B_yBad5eGrwBx0Q?sub_confirmation=1\" target=\"_blank\" rel=\"noopener noreferrer\">Abonnez-vous!<\/a><\/p>\n<div class=\"mvp-org-wrap mvp-org-logo\" itemprop=\"publisher\" itemscope=\"\" itemtype=\"https:\/\/schema.org\/Organization\"><img decoding=\"async\" src=\"https:\/\/www.tunisienumerique.com\/wp-content\/uploads\/2017\/02\/logo_tunisie_numerique.png\"\/><\/div>\n<div class=\"mvp-related-posts left relative\">\n<h4 class=\"post-header\"><span class=\"post-header\">Lire aussi<\/span><\/h4>\n<\/div>\n<div id=\"article-ad\"><ins class=\"adsbygoogle c4\" data-ad-client=\"ca-pub-2102118777505746\" data-ad-slot=\"6513972734\" data-ad-format=\"auto\" data-full-width-responsive=\"true\"\/> <\/div>\n<\/div>\n<div id=\"post-sidebar-wrap\"><ins class=\"adsbygoogle c4\" data-ad-client=\"ca-pub-2102118777505746\" data-ad-slot=\"6168283410\" data-ad-format=\"auto\" data-full-width-responsive=\"true\"\/> <\/div>\n<p>Auteur: Laameri Dorsaf<br \/>\n<a href=\"https:\/\/www.tunisienumerique.com\/audio-badreddine-gammoudi-dement-lexistence-de-concertations-avec-certains-blocs-en-vue-de-former-une-coalition-parlementaire\/\">Cliquez ici pour lire l&rsquo;article depuis sa source.<\/a><\/p>\n","protected":false},"excerpt":{"rendered":"<p>Le d\u00e9put\u00e9 du Mouvement du Peuple, Badreddine Gamoudi a d\u00e9menti les informations relay\u00e9es derni\u00e8rement, selon lesquelles il y a des concertations entre les blocs parlementaires d\u2019Ennahdha, de Qalb Tounes, de la coaltion El Karama, d\u2019El Mostakbal et celui du Mouvement du Peuple en vue de former une coalition parlementaire constituant une ceinture politique au gouvernement [&hellip;]<\/p>\n","protected":false},"author":1789,"featured_media":98158,"comment_status":"closed","ping_status":"closed","sticky":false,"template":"","format":"standard","meta":{"fifu_image_url":"","fifu_image_alt":"","footnotes":""},"categories":[73,55],"tags":[],"class_list":["post-98157","post","type-post","status-publish","format-standard","has-post-thumbnail","hentry","category-actualite","category-tunisie"],"_links":{"self":[{"href":"https:\/\/linitiative.ca\/International\/wp-json\/wp\/v2\/posts\/98157","targetHints":{"allow":["GET"]}}],"collection":[{"href":"https:\/\/linitiative.ca\/International\/wp-json\/wp\/v2\/posts"}],"about":[{"href":"https:\/\/linitiative.ca\/International\/wp-json\/wp\/v2\/types\/post"}],"author":[{"embeddable":true,"href":"https:\/\/linitiative.ca\/International\/wp-json\/wp\/v2\/users\/1789"}],"replies":[{"embeddable":true,"href":"https:\/\/linitiative.ca\/International\/wp-json\/wp\/v2\/comments?post=98157"}],"version-history":[{"count":0,"href":"https:\/\/linitiative.ca\/International\/wp-json\/wp\/v2\/posts\/98157\/revisions"}],"wp:featuredmedia":[{"embeddable":true,"href":"https:\/\/linitiative.ca\/International\/wp-json\/"}],"wp:attachment":[{"href":"https:\/\/linitiative.ca\/International\/wp-json\/wp\/v2\/media?parent=98157"}],"wp:term":[{"taxonomy":"category","embeddable":true,"href":"https:\/\/linitiative.ca\/International\/wp-json\/wp\/v2\/categories?post=98157"},{"taxonomy":"post_tag","embeddable":true,"href":"https:\/\/linitiative.ca\/International\/wp-json\/wp\/v2\/tags?post=98157"}],"curies":[{"name":"wp","href":"https:\/\/api.w.org\/{rel}","templated":true}]}}