{"id":98159,"date":"2020-09-07T12:15:30","date_gmt":"2020-09-07T16:15:30","guid":{"rendered":"https:\/\/linitiative.ca\/International\/tunisie-evacue-aux-urgences-apres-lexplosion-dune-bouteille-de-gaz-a-son-domicile-il-decouvre-son-infection-au-covid-19\/"},"modified":"2020-09-07T12:15:30","modified_gmt":"2020-09-07T16:15:30","slug":"tunisie-evacue-aux-urgences-apres-lexplosion-dune-bouteille-de-gaz-a-son-domicile-il-decouvre-son-infection-au-covid-19","status":"publish","type":"post","link":"https:\/\/linitiative.ca\/International\/tunisie-evacue-aux-urgences-apres-lexplosion-dune-bouteille-de-gaz-a-son-domicile-il-decouvre-son-infection-au-covid-19\/","title":{"rendered":"Tunisie: Evacu\u00e9 aux urgences apr\u00e8s l\u2019explosion d\u2019une bouteille de gaz \u00e0 son domicile, il d\u00e9couvre son infection au Covid-19"},"content":{"rendered":"<div class=\"post-cont-in left relative\">\n<p>Le pr\u00e9sident du comit\u00e9 local d\u2019intervention en cas de catastrophe et d\u00e9l\u00e9gu\u00e9 de Beni Khiar dans le gouvernorat de Nabeul, Mohieddine Ben Mansour, a affirm\u00e9 que 3 infections locales par le <a href=\"https:\/\/www.tunisienumerique.com\/tunisie-actualite\/coronavirus\/\" title=\"Coronavirus\" target=\"_top\" class=\"auto-link\" rel=\"noopener noreferrer\">Coronavirus<\/a>, dont l\u2019atteinte d\u2019un gar\u00e7on de 17 ans, ont \u00e9t\u00e9 enregistr\u00e9es dans la r\u00e9gions.<\/p>\n<div class=\"code-block code-block-1 c3\"><ins class=\"adsbygoogle c2\" data-ad-layout=\"in-article\" data-ad-format=\"fluid\" data-ad-client=\"ca-pub-2102118777505746\" data-ad-slot=\"7301775417\"\/> <\/div>\n<p>Il a ajout\u00e9 que le gar\u00e7on a \u00e9t\u00e9 bless\u00e9 dans l\u2019explosion d\u2019une bouteille de gaz \u00e0 son domicile \u00e0 Beni Khiar et a \u00e9t\u00e9 transf\u00e9r\u00e9 \u00e0 l\u2019h\u00f4pital des Grands Br\u00fbl\u00e9 de Ben Arous o\u00f9 il a \u00e9t\u00e9 confirm\u00e9 qu\u2019il est infect\u00e9 par le Coronavirus, pr\u00e9cisant que la source de l\u2019infection est toujours inconnue.<\/p>\n<p>Les autres infections enregistr\u00e9es locales ont \u00e9t\u00e9 d\u00e9pist\u00e9es \u00e0 Maamoura. il s\u2019agit d\u2019une doctoresse travaillant dans un h\u00f4pital de Tunis et sa proche parente qui ont \u00e9t\u00e9 mises en quarantaine \u00e0 leur domicile.<\/p>\n<div class=\"swp_social_panel swp_horizontal_panel swp_flat_fresh swp_default_full_color swp_individual_full_color swp_other_full_color scale-100 scale-\" data-min-width=\"1100\" data-float-color=\"#ffffff\" data-float=\"bottom\" data-float-mobile=\"bottom\" data-transition=\"slide\">\n<div class=\"nc_tweetContainer swp_share_button total_shares total_sharesalt\"><span class=\"swp_count\">11 <span class=\"swp_label\">Partages<\/span><\/span><\/div>\n<\/div>\n<p><strong>Que se passe-t-il en Tunisie?<\/strong><br \/>Nous expliquons sur notre <a href=\"https:\/\/www.youtube.com\/channel\/UCRzypVq0B_yBad5eGrwBx0Q?sub_confirmation=1\" target=\"_blank\" rel=\"noopener noreferrer\">cha\u00eene YouTube<\/a> . <a href=\"https:\/\/www.youtube.com\/channel\/UCRzypVq0B_yBad5eGrwBx0Q?sub_confirmation=1\" target=\"_blank\" rel=\"noopener noreferrer\">Abonnez-vous!<\/a><\/p>\n<div class=\"mvp-org-wrap mvp-org-logo\" itemprop=\"publisher\" itemscope=\"\" itemtype=\"https:\/\/schema.org\/Organization\"><img decoding=\"async\" src=\"https:\/\/www.tunisienumerique.com\/wp-content\/uploads\/2017\/02\/logo_tunisie_numerique.png\"\/><\/div>\n<div class=\"mvp-related-posts left relative\">\n<h4 class=\"post-header\"><span class=\"post-header\">Lire aussi<\/span><\/h4>\n<\/div>\n<div id=\"article-ad\"><ins class=\"adsbygoogle c4\" data-ad-client=\"ca-pub-2102118777505746\" data-ad-slot=\"6513972734\" data-ad-format=\"auto\" data-full-width-responsive=\"true\"\/> <\/div>\n<\/div>\n<div id=\"post-sidebar-wrap\"><ins class=\"adsbygoogle c4\" data-ad-client=\"ca-pub-2102118777505746\" data-ad-slot=\"6168283410\" data-ad-format=\"auto\" data-full-width-responsive=\"true\"\/> <\/div>\n<p>Auteur: Mourad S<br \/>\n<a href=\"https:\/\/www.tunisienumerique.com\/tunisie-evacue-aux-urgences-apres-lexplosion-dune-bouteille-de-gaz-a-son-domicile-il-decouvre-son-infection-au-covid-19\/\">Cliquez ici pour lire l&rsquo;article depuis sa source.<\/a><\/p>\n","protected":false},"excerpt":{"rendered":"<p>Le pr\u00e9sident du comit\u00e9 local d\u2019intervention en cas de catastrophe et d\u00e9l\u00e9gu\u00e9 de Beni Khiar dans le gouvernorat de Nabeul, Mohieddine Ben Mansour, a affirm\u00e9 que 3 infections locales par le Coronavirus, dont l\u2019atteinte d\u2019un gar\u00e7on de 17 ans, ont \u00e9t\u00e9 enregistr\u00e9es dans la r\u00e9gions. Il a ajout\u00e9 que le gar\u00e7on a \u00e9t\u00e9 bless\u00e9 dans [&hellip;]<\/p>\n","protected":false},"author":1789,"featured_media":98160,"comment_status":"closed","ping_status":"closed","sticky":false,"template":"","format":"standard","meta":{"fifu_image_url":"","fifu_image_alt":"","footnotes":""},"categories":[73,55],"tags":[],"class_list":["post-98159","post","type-post","status-publish","format-standard","has-post-thumbnail","hentry","category-actualite","category-tunisie"],"_links":{"self":[{"href":"https:\/\/linitiative.ca\/International\/wp-json\/wp\/v2\/posts\/98159","targetHints":{"allow":["GET"]}}],"collection":[{"href":"https:\/\/linitiative.ca\/International\/wp-json\/wp\/v2\/posts"}],"about":[{"href":"https:\/\/linitiative.ca\/International\/wp-json\/wp\/v2\/types\/post"}],"author":[{"embeddable":true,"href":"https:\/\/linitiative.ca\/International\/wp-json\/wp\/v2\/users\/1789"}],"replies":[{"embeddable":true,"href":"https:\/\/linitiative.ca\/International\/wp-json\/wp\/v2\/comments?post=98159"}],"version-history":[{"count":0,"href":"https:\/\/linitiative.ca\/International\/wp-json\/wp\/v2\/posts\/98159\/revisions"}],"wp:featuredmedia":[{"embeddable":true,"href":"https:\/\/linitiative.ca\/International\/wp-json\/"}],"wp:attachment":[{"href":"https:\/\/linitiative.ca\/International\/wp-json\/wp\/v2\/media?parent=98159"}],"wp:term":[{"taxonomy":"category","embeddable":true,"href":"https:\/\/linitiative.ca\/International\/wp-json\/wp\/v2\/categories?post=98159"},{"taxonomy":"post_tag","embeddable":true,"href":"https:\/\/linitiative.ca\/International\/wp-json\/wp\/v2\/tags?post=98159"}],"curies":[{"name":"wp","href":"https:\/\/api.w.org\/{rel}","templated":true}]}}