{"id":98165,"date":"2020-09-07T13:53:24","date_gmt":"2020-09-07T17:53:24","guid":{"rendered":"https:\/\/linitiative.ca\/International\/tunisie-education-des-decorations-pour-des-milliers-de-zeros-au-bac\/"},"modified":"2020-09-07T13:53:24","modified_gmt":"2020-09-07T17:53:24","slug":"tunisie-education-des-decorations-pour-des-milliers-de-zeros-au-bac","status":"publish","type":"post","link":"https:\/\/linitiative.ca\/International\/tunisie-education-des-decorations-pour-des-milliers-de-zeros-au-bac\/","title":{"rendered":"Tunisie \u2013 Education : des d\u00e9corations pour des milliers de z\u00e9ros au bac !"},"content":{"rendered":"<div class=\"post-cont-in left relative\">\n<p>Samedi dernier, 5 septembre 2020, la c\u00e9l\u00e9bration de la journ\u00e9e du savoir a \u00e9t\u00e9 marqu\u00e9e par un discours prononc\u00e9e par le Chef de l\u2019Etat, <a href=\"https:\/\/www.tunisienumerique.com\/tunisie-actualite\/kais-saied\/\" title=\"Ka&#xEF;s Sa&#xEF;ed\" target=\"_top\" class=\"auto-link\" rel=\"noopener noreferrer\">Ka\u00efs Sa\u00efed<\/a> et la remise de prix et de d\u00e9corations, entre autres, \u00e0 Mohamed Hamdi et Slim Choura, respectivement ex-ministres de l\u2019Education et de l\u2019Enseignement sup\u00e9rieur et de la recherche scientifique et \u00e0 un certain nombre de leurs subordonn\u00e9s.<\/p>\n<div class=\"code-block code-block-1 c3\"><ins class=\"adsbygoogle c2\" data-ad-layout=\"in-article\" data-ad-format=\"fluid\" data-ad-client=\"ca-pub-2102118777505746\" data-ad-slot=\"7301775417\"\/> <\/div>\n<p>Le Chef de l\u2019Etat a rappel\u00e9, dans ce sillage, son initiative visant \u00e0 mettre en place une instance constitutionnelle sous forme de Haut conseil de l\u2019\u00e9ducation qui se chargera de mettre en place les grandes strat\u00e9gies nationales en mati\u00e8re d\u2019enseignement et d\u2019\u00e9ducation dans le but de limiter l\u2019implication des choix politiques parfois contradictoires et tributaires des pr\u00e9f\u00e9rences personnelles.<\/p>\n<p>N\u00e9anmoins, la r\u00e9alit\u00e9 de l\u2019enseignement en Tunisie est certainement beaucoup plus complexe et le syst\u00e8me est consid\u00e9r\u00e9 par la plupart des sp\u00e9cialistes en nette d\u00e9faillance.<\/p>\n<p>Et pour cause, chaque ann\u00e9e les r\u00e9sultats du baccalaur\u00e9at viennent rappeler l\u2019\u00e9chec cuisant du syst\u00e8me \u00e9ducatif de notre pays. Cette ann\u00e9e, l\u2019\u00e9chec \u00e9tait plus que flagrant : les examens se sont d\u00e9roul\u00e9s dans des circonstances chaotiques : \u00e9valuations \u00e0 c\u00f4t\u00e9 des programmes, tricheries et fraudes en masse, absence de tout moyen de contr\u00f4le, etc.<\/p>\n<p>A cela s\u2019ajoute, les quelques milliers de candidats au baccalaur\u00e9at qui ont obtenu un \u00ab z\u00e9ro point\u00e9 \u00bb \u00e0 diff\u00e9rentes mati\u00e8res dont 7000 en langue fran\u00e7aise.<\/p>\n<p>En outre, l\u2019ex-ministre de l\u2019Education, Mohamed Hamdi, d\u00e9cor\u00e9 samedi dernier, a inond\u00e9 le minist\u00e8re par des recrutements inutiles quelques jours avant son d\u00e9part, rien que pour plaire aux syndicats et l\u00e9guer au gouvernement actuel un tas de cadavres dans les tiroirs.<\/p>\n<p>Cot\u00e9 chiffres, le budget du minist\u00e8re de l\u2019Education au titre de l\u2019ann\u00e9e 2020 est estim\u00e9 \u00e0 6.5 milliards de dinars dont pr\u00e8s de 95% affect\u00e9 aux salaires. Selon les donn\u00e9es du budget en question, des investissements de l\u2019ordre de 324.5 millions de dinars sont r\u00e9serv\u00e9s aux d\u00e9penses de d\u00e9veloppement. Ainsi, ce fonds consacr\u00e9 au minist\u00e8re de l\u2019Education qui g\u00e8re 6100 \u00e9tablissements scolaires accueillant environ 2.174 millions \u00e9l\u00e8ves ne permettra en aucun cas de d\u2019offrir une \u00e9cole digne pour tous.<\/p>\n<p>Quant au budget du minist\u00e8re de l\u2019Enseignement sup\u00e9rieur et de la recherche scientifique au titre de l\u2019ann\u00e9e 2020, il ne d\u00e9passe pas 1.8 milliards de dinars, dont 70% consacr\u00e9 \u00e0 la masse salariale.<\/p>\n<p>Les d\u00e9penses mobilis\u00e9es pour le d\u00e9veloppement au minist\u00e8re de l\u2019Enseignement sup\u00e9rieur seront de l\u2019ordre de 170 millions dinars. Une somme d\u00e9risoire pour pr\u00e9tendre \u00e0 une recherche scientifique r\u00e9pondant au minimum des standards internationaux.<\/p>\n<p>Dans toute cette affaire du samedi 5 septembre courant, des questions intriguent : sur quelle base ou crit\u00e8re les deux ministres ayant pass\u00e9 quelques semaines de travail effectif durant une courte ann\u00e9e scolaire et universitaire pratiquement \u00ab blanche \u00bb \u00e0 cause de la <a href=\"https:\/\/www.tunisienumerique.com\/tunisie-actualite\/coronavirus\/\" title=\"Covid-19\" target=\"_top\" class=\"auto-link\" rel=\"noopener noreferrer\">Covid-19<\/a> ont \u00e9t\u00e9 propos\u00e9s \u00e0 ces d\u00e9corations ? quels \u00e9taient les faits d\u2019armes de ces deux ministres et de leurs subordonn\u00e9s pour lesquels ils \u00e9taient d\u00e9cor\u00e9s ?<\/p>\n<p>H\u00e9las! La journ\u00e9e du \u00ab savoir \u00bb \u00e9tait le jour ou la contre performance a \u00e9t\u00e9 d\u00e9cor\u00e9e.<\/p>\n<div class=\"swp_social_panel swp_horizontal_panel swp_flat_fresh swp_default_full_color swp_individual_full_color swp_other_full_color scale-100 scale-\" data-min-width=\"1100\" data-float-color=\"#ffffff\" data-float=\"bottom\" data-float-mobile=\"bottom\" data-transition=\"slide\">\n<div class=\"nc_tweetContainer swp_share_button total_shares total_sharesalt\"><span class=\"swp_count\">19 <span class=\"swp_label\">Partages<\/span><\/span><\/div>\n<\/div>\n<p><strong>Que se passe-t-il en Tunisie?<\/strong><br \/>Nous expliquons sur notre <a href=\"https:\/\/www.youtube.com\/channel\/UCRzypVq0B_yBad5eGrwBx0Q?sub_confirmation=1\" target=\"_blank\" rel=\"noopener noreferrer\">cha\u00eene YouTube<\/a> . <a href=\"https:\/\/www.youtube.com\/channel\/UCRzypVq0B_yBad5eGrwBx0Q?sub_confirmation=1\" target=\"_blank\" rel=\"noopener noreferrer\">Abonnez-vous!<\/a><\/p>\n<div class=\"mvp-org-wrap mvp-org-logo\" itemprop=\"publisher\" itemscope=\"\" itemtype=\"https:\/\/schema.org\/Organization\"><img decoding=\"async\" src=\"https:\/\/www.tunisienumerique.com\/wp-content\/uploads\/2017\/02\/logo_tunisie_numerique.png\"\/><\/div>\n<div class=\"post-tags\"><span class=\"post-tags-header\">Sujets Connexes:<\/span><\/div>\n<div id=\"article-ad\"><ins class=\"adsbygoogle c4\" data-ad-client=\"ca-pub-2102118777505746\" data-ad-slot=\"6513972734\" data-ad-format=\"auto\" data-full-width-responsive=\"true\"\/> <\/div>\n<\/div>\n<div id=\"post-sidebar-wrap\"><ins class=\"adsbygoogle c4\" data-ad-client=\"ca-pub-2102118777505746\" data-ad-slot=\"6168283410\" data-ad-format=\"auto\" data-full-width-responsive=\"true\"\/> <\/div>\n<p>Auteur: Mohamed Ben Abderrazek<br \/>\n<a href=\"https:\/\/www.tunisienumerique.com\/tunisie-education-des-decorations-pour-des-milliers-de-zeros-au-bac\/\">Cliquez ici pour lire l&rsquo;article depuis sa source.<\/a><\/p>\n","protected":false},"excerpt":{"rendered":"<p>Samedi dernier, 5 septembre 2020, la c\u00e9l\u00e9bration de la journ\u00e9e du savoir a \u00e9t\u00e9 marqu\u00e9e par un discours prononc\u00e9e par le Chef de l\u2019Etat, Ka\u00efs Sa\u00efed et la remise de prix et de d\u00e9corations, entre autres, \u00e0 Mohamed Hamdi et Slim Choura, respectivement ex-ministres de l\u2019Education et de l\u2019Enseignement sup\u00e9rieur et de la recherche scientifique [&hellip;]<\/p>\n","protected":false},"author":1789,"featured_media":98166,"comment_status":"closed","ping_status":"closed","sticky":false,"template":"","format":"standard","meta":{"fifu_image_url":"","fifu_image_alt":"","footnotes":""},"categories":[73,55],"tags":[],"class_list":["post-98165","post","type-post","status-publish","format-standard","has-post-thumbnail","hentry","category-actualite","category-tunisie"],"_links":{"self":[{"href":"https:\/\/linitiative.ca\/International\/wp-json\/wp\/v2\/posts\/98165","targetHints":{"allow":["GET"]}}],"collection":[{"href":"https:\/\/linitiative.ca\/International\/wp-json\/wp\/v2\/posts"}],"about":[{"href":"https:\/\/linitiative.ca\/International\/wp-json\/wp\/v2\/types\/post"}],"author":[{"embeddable":true,"href":"https:\/\/linitiative.ca\/International\/wp-json\/wp\/v2\/users\/1789"}],"replies":[{"embeddable":true,"href":"https:\/\/linitiative.ca\/International\/wp-json\/wp\/v2\/comments?post=98165"}],"version-history":[{"count":0,"href":"https:\/\/linitiative.ca\/International\/wp-json\/wp\/v2\/posts\/98165\/revisions"}],"wp:featuredmedia":[{"embeddable":true,"href":"https:\/\/linitiative.ca\/International\/wp-json\/"}],"wp:attachment":[{"href":"https:\/\/linitiative.ca\/International\/wp-json\/wp\/v2\/media?parent=98165"}],"wp:term":[{"taxonomy":"category","embeddable":true,"href":"https:\/\/linitiative.ca\/International\/wp-json\/wp\/v2\/categories?post=98165"},{"taxonomy":"post_tag","embeddable":true,"href":"https:\/\/linitiative.ca\/International\/wp-json\/wp\/v2\/tags?post=98165"}],"curies":[{"name":"wp","href":"https:\/\/api.w.org\/{rel}","templated":true}]}}