{"id":98169,"date":"2020-09-07T17:09:39","date_gmt":"2020-09-07T21:09:39","guid":{"rendered":"https:\/\/linitiative.ca\/International\/sommet-de-la-cedeao-de-niamey-la-junte-doit-nous-aider-a-aider-le-mali-president-mahamadou-issoufou\/"},"modified":"2020-09-07T17:09:39","modified_gmt":"2020-09-07T21:09:39","slug":"sommet-de-la-cedeao-de-niamey-la-junte-doit-nous-aider-a-aider-le-mali-president-mahamadou-issoufou","status":"publish","type":"post","link":"https:\/\/linitiative.ca\/International\/sommet-de-la-cedeao-de-niamey-la-junte-doit-nous-aider-a-aider-le-mali-president-mahamadou-issoufou\/","title":{"rendered":"Sommet de la CEDEAO de Niamey  : \u00ab la junte doit nous aider \u00e0 aider le Mali \u00bb, pr\u00e9sident Mahamadou Issoufou"},"content":{"rendered":"<div class=\"td-post-featured-image\"><a href=\"https:\/\/www.sidwaya.info\/wp-content\/uploads\/2020\/09\/1-14.jpg\" data-caption=\"\"><img loading=\"lazy\" decoding=\"async\" width=\"595\" height=\"397\" class=\"entry-thumb td-modal-image\" src=\"https:\/\/www.sidwaya.info\/wp-content\/uploads\/2020\/09\/1-14.jpg\" srcset=\"https:\/\/www.sidwaya.info\/wp-content\/uploads\/2020\/09\/1-14.jpg 595w, https:\/\/www.sidwaya.info\/wp-content\/uploads\/2020\/09\/1-14-300x200.jpg 300w\" sizes=\"auto, (max-width: 595px) 100vw, 595px\" alt=\"\" title=\"1\"\/><\/a><\/div>\n<p>Le Pr\u00e9sident du Faso, Roch Marc Christian Kabor\u00e9, a pris part le 7 septembre 2020 \u00e0 Niamey \u00e0 la 57e session ordinaire de la Conf\u00e9rence des chefs d\u2019Etat et de Gouvernement de la Communaut\u00e9 \u00e9conomique des Etats de l\u2019Afrique de l\u2019Ouest (CEDEAO), qui a entam\u00e9 ces travaux ce matin, \u00e0 Niamey. Trois allocutions ont ponctu\u00e9 la c\u00e9r\u00e9monie d\u2019ouverture. Celles du pr\u00e9sident de la Commission, Jean-Claude Kassi-Brou, du pr\u00e9sident en exercice, le pr\u00e9sident du Niger, Mahamadou Issoufou et du Repr\u00e9sentant sp\u00e9cial du Secr\u00e9taire g\u00e9n\u00e9ral des Nations unies et chef du bureau des Nations unies pour l\u2019Afrique de l\u2019Ouest et le Sahel, Mohamed Ibn Chambas.<br \/>Cette conf\u00e9rence des chefs d\u2019Etat est le premier sommet en pr\u00e9sentiel que la CEDEAO tient, cette ann\u00e9e. Pand\u00e9mie de COVID-19 oblige, c\u2019est par visioconf\u00e9rence que les chefs d\u2019Etat et de Gouvernement se sont jusqu\u2019\u00e0 pr\u00e9sent concert\u00e9s. A la fin ao\u00fbt 2020, la r\u00e9gion enregistre 160 704 cas de coronavirus, avec malheu-reusement, 2389 d\u00e9c\u00e8s.<br \/>Lors du sommet extraordinaire d\u2019avril 2020, le pr\u00e9sident du Nigeria, Muhammadu Buhari, avait \u00e9t\u00e9 d\u00e9sign\u00e9 champion de la communaut\u00e9 dans la lutte contre la pand\u00e9mie.<br \/>La COVID-19 aura un impact n\u00e9gatif sur les \u00e9conomies des pays de la r\u00e9gion. On attend, en effet, une r\u00e9cession de -2,1% en fin 2020, en lieu et place d\u2019une croissance pr\u00e9visionnelle \u00e9tablie \u00e0 3%.<br \/>En plus de la COVID-19, les chefs d\u2019Etat et de Gouvernement aborderont, ici, \u00e0 Niamey, la lutte contre le terrorisme qui s\u00e9vit dans le Sahel et le Nord du Nig\u00e9ria. Au cours du premier semestre 2020, on a d\u00e9nombr\u00e9 270 attaques terroristes, qui ont fait plus de 1750 morts et de nombreux bless\u00e9s, civils et<\/p>\n<p>militaires.<br \/>La situation sociopolitique au Mali sera \u00e9galement au c\u0153ur des travaux, en vue de trouver des solutions pour une sortie rapide de crise.<br \/>\u00ab Le g\u00e9nie du peuple malien nous autorise \u00e0 avoir beaucoup d\u2019espoir dans ce sens \u00bb, dira le pr\u00e9sident de la Commission, Jean-Claude Ka<\/p>\n<p>ssi-brou. \u00ab Il est du devoir de notre communaut\u00e9 d\u2019assister les Maliens en vue d\u2019un r\u00e9tablissement rapide de toutes les institutions d\u00e9mocratiques. La junte doit nous aider \u00e0 aider le Mali \u00bb, rench\u00e9rira pour sa part, l\u2019h\u00f4te du sommet, pr\u00e9sident en exercice de la CEDEAO, Mahamadou Issoufou.<\/p>\n<div class=\"td-a-rec td-a-rec-id-content_inline tdi_30_f3a td_block_template_1\"><img loading=\"lazy\" decoding=\"async\" class=\"aligncenter size-full wp-image-21314\" src=\"https:\/\/www.sidwaya.info\/wp-content\/uploads\/2020\/04\/Bandeau-Covid-19-Sidwaya-1.jpg\" alt=\"\" width=\"790\" height=\"98\"\/><\/div>\n<p>Ce dernier devrait passer les r\u00eanes \u00e0 son homologue du Ghana, Nana Akufo-Addo, pour pr\u00e9sider aux destin\u00e9es d\u2019une r\u00e9gion, qui conna\u00eetra cinq scrutins pr\u00e9sidentiels dans les quatre prochains mois : Guin\u00e9e, C\u00f4te d\u2019Ivoire, Ghana, Burkina Faso et Niger.<\/p>\n<p><strong>Direction de la Communication de la Pr\u00e9sidence du Faso<\/strong><\/p>\n<hr\/>\n<p class=\"c2\"><strong>Mise en place de la Transition au Mali<\/strong><br \/><strong>La CEDEAO donne un ultimatum d\u2019une semaine<\/strong><\/p>\n<p>Les chefs d\u2019Etat de la Communaut\u00e9 \u00e9conomique des Etats de l\u2019Afrique de l\u2019Ouest (CEDEAO) exigent de la junte malienne, un pr\u00e9sident et un Premier ministre de transition civils, au plus tard, le 15 septembre 2020. C\u2019est l\u2019une des d\u00e9cisions issues du 57e sommet de l\u2019organisation tenue hier 7 septembre 2020 \u00e0 Niamey, au Niger. Les dirigeants disent par ailleurs prendre acte des consultations inter-maliennes, lanc\u00e9es le samedi 5 septembre, mais ne renoncement pas pour autant aux sanctions prises ant\u00e9rieurement contre le Mali.<\/p>\n<p class=\"c1\"><strong>La R\u00e9daction<\/strong><\/p>\n<div class=\"td-a-rec td-a-rec-id-content_bottom tdi_31_9a6 td_block_template_1\"><img loading=\"lazy\" decoding=\"async\" class=\"aligncenter size-full wp-image-22415\" src=\"https:\/\/www.sidwaya.info\/wp-content\/uploads\/2020\/05\/Bandeau-paiement-mobile-site.png\" alt=\"\" width=\"728\" height=\"90\"\/><\/div>\n<p>Auteur: BM. Sidwaya<br \/>\n<a href=\"https:\/\/www.sidwaya.info\/blog\/2020\/09\/07\/sommet-de-la-cedeao-de-niamey-la-junte-doit-nous-aider-a-aider-le-mali-president-mahamadou-issoufou\/\">Cliquez ici pour lire l&rsquo;article depuis sa source.<\/a><\/p>\n","protected":false},"excerpt":{"rendered":"<p>Le Pr\u00e9sident du Faso, Roch Marc Christian Kabor\u00e9, a pris part le 7 septembre 2020 \u00e0 Niamey \u00e0 la 57e session ordinaire de la Conf\u00e9rence des chefs d\u2019Etat et de Gouvernement de la Communaut\u00e9 \u00e9conomique des Etats de l\u2019Afrique de l\u2019Ouest (CEDEAO), qui a entam\u00e9 ces travaux ce matin, \u00e0 Niamey. Trois allocutions ont ponctu\u00e9 [&hellip;]<\/p>\n","protected":false},"author":1816,"featured_media":98170,"comment_status":"closed","ping_status":"closed","sticky":false,"template":"","format":"standard","meta":{"fifu_image_url":"","fifu_image_alt":"","footnotes":""},"categories":[73,81],"tags":[],"class_list":["post-98169","post","type-post","status-publish","format-standard","has-post-thumbnail","hentry","category-actualite","category-burkina-faso"],"_links":{"self":[{"href":"https:\/\/linitiative.ca\/International\/wp-json\/wp\/v2\/posts\/98169","targetHints":{"allow":["GET"]}}],"collection":[{"href":"https:\/\/linitiative.ca\/International\/wp-json\/wp\/v2\/posts"}],"about":[{"href":"https:\/\/linitiative.ca\/International\/wp-json\/wp\/v2\/types\/post"}],"author":[{"embeddable":true,"href":"https:\/\/linitiative.ca\/International\/wp-json\/wp\/v2\/users\/1816"}],"replies":[{"embeddable":true,"href":"https:\/\/linitiative.ca\/International\/wp-json\/wp\/v2\/comments?post=98169"}],"version-history":[{"count":0,"href":"https:\/\/linitiative.ca\/International\/wp-json\/wp\/v2\/posts\/98169\/revisions"}],"wp:featuredmedia":[{"embeddable":true,"href":"https:\/\/linitiative.ca\/International\/wp-json\/"}],"wp:attachment":[{"href":"https:\/\/linitiative.ca\/International\/wp-json\/wp\/v2\/media?parent=98169"}],"wp:term":[{"taxonomy":"category","embeddable":true,"href":"https:\/\/linitiative.ca\/International\/wp-json\/wp\/v2\/categories?post=98169"},{"taxonomy":"post_tag","embeddable":true,"href":"https:\/\/linitiative.ca\/International\/wp-json\/wp\/v2\/tags?post=98169"}],"curies":[{"name":"wp","href":"https:\/\/api.w.org\/{rel}","templated":true}]}}