{"id":98171,"date":"2020-09-07T17:13:45","date_gmt":"2020-09-07T21:13:45","guid":{"rendered":"https:\/\/linitiative.ca\/International\/lautre-combat-contre-le-terrorisme\/"},"modified":"2020-09-07T17:13:45","modified_gmt":"2020-09-07T21:13:45","slug":"lautre-combat-contre-le-terrorisme","status":"publish","type":"post","link":"https:\/\/linitiative.ca\/International\/lautre-combat-contre-le-terrorisme\/","title":{"rendered":"L\u2019autre combat contre  le terrorisme"},"content":{"rendered":"<div class=\"td-post-featured-image\"><a href=\"https:\/\/www.sidwaya.info\/wp-content\/uploads\/2020\/09\/Trait-de-plume.jpg\" data-caption=\"\"><img loading=\"lazy\" decoding=\"async\" width=\"696\" height=\"465\" class=\"entry-thumb td-modal-image\" src=\"https:\/\/www.sidwaya.info\/wp-content\/uploads\/2020\/09\/Trait-de-plume-696x465.jpg\" srcset=\"https:\/\/www.sidwaya.info\/wp-content\/uploads\/2020\/09\/Trait-de-plume-696x465.jpg 696w, https:\/\/www.sidwaya.info\/wp-content\/uploads\/2020\/09\/Trait-de-plume-300x200.jpg 300w, https:\/\/www.sidwaya.info\/wp-content\/uploads\/2020\/09\/Trait-de-plume-629x420.jpg 629w, https:\/\/www.sidwaya.info\/wp-content\/uploads\/2020\/09\/Trait-de-plume.jpg 738w\" sizes=\"auto, (max-width: 696px) 100vw, 696px\" alt=\"\" title=\"Trait de plume\"\/><\/a><\/div>\n<p>Sous le pr\u00e9texte fallacieux de chasser ceux qui pillent les richesses africaines pour instaurer un Etat islamique au Sahel, les groupes terroristes qui \u00e9cument la zone sont en train de se rendre coupables de ce qu\u2019ils reprochent \u00e0 leurs pr\u00e9tendus \u00ab ennemis \u00bb. Selon un rapport d\u2019International Crisis group, les mines artisanales d\u2019or au Mali et au Burkina Faso comptent parmi les sources de financement, des activit\u00e9s terroristes.<\/p>\n<p>Dans les zones qui \u00e9chappent au contr\u00f4le des Etats, ces mines sont litt\u00e9ralement pass\u00e9es sous l\u2019emprise des groupes terroristes. En \u00e9change de la protection qu\u2019ils assurent aux orpailleurs, les terroristes pr\u00e9l\u00e8vent des imp\u00f4ts qui participent au financement de leurs activit\u00e9s. \u00ab Cela devient une fili\u00e8re de financement, une fili\u00e8re qui reste secondaire par rapport \u00e0 d\u2019autres sources de financement, mais qui est indiscutablement en croissance \u00bb, a indiqu\u00e9 l\u2019analyste sp\u00e9cialis\u00e9 du Sahel chez International Crisis Group, Mathieu Pellerin, sur les ondes de Radio France Inter-nationale. Un constat qui sonne comme un signe d\u2019alerte sur le travail de pr\u00e9varication des ressources naturelles par les \u201cfous de Dieu\u201d au Sahel.<\/p>\n<p>C\u2019est une piq\u00fbre de rappel aux Etats membres du G5 Sahel, qui sont conscients que la lutte contre le terrorisme est un combat de longue haleine, qui demande encore plus d\u2019efforts qu\u2019il n\u2019en a \u00e9t\u00e9 d\u00e9j\u00e0 consenti jusque-l\u00e0. Petit \u00e0 petit, les terroristes s\u2019efforcent de s\u2019enraciner dans certaines parties du Sahel, au point de dicter leur loi et de s\u2019adonner \u00e0 un pillage \u00e9hont\u00e9 des ressources. A la lutte arm\u00e9e contre la n\u00e9buleuse terroriste, il faut associer une strat\u00e9gie qui va permettre d\u2019asphyxier les sources qui alimentent la machine de guerre de ces hommes perdus dans leur folie meurtri\u00e8re.<br \/>Comment arrivent-ils \u00e0 \u00e9couler l\u2019or provenant de l\u2019exploitation artisanale ? Qui sont les complices qui favorisent ce commerce illicite ? Autant de questions qui doivent faire l\u2019objet de s\u00e9rieuses pr\u00e9occupations au haut niveau au sein du G5 Sahel. En prenant possession des mines d\u2019or, les groupes terroristes sont en train de se constituer un tr\u00e9sor pour mieux asseoir leur tyrannie et faire aboutir dans une certaine mesure leurs projets expansionnistes.<\/p>\n<div class=\"td-a-rec td-a-rec-id-content_inline tdi_30_68b td_block_template_1\"><img loading=\"lazy\" decoding=\"async\" class=\"aligncenter size-full wp-image-21314\" src=\"https:\/\/www.sidwaya.info\/wp-content\/uploads\/2020\/04\/Bandeau-Covid-19-Sidwaya-1.jpg\" alt=\"\" width=\"790\" height=\"98\"\/><\/div>\n<p>Les pays du G5 Sahel n\u2019ont aucun int\u00e9r\u00eat \u00e0 laisser prosp\u00e9rer cette exploitation des ressources mini\u00e8res qui va contribuer \u00e0 aiguiser l\u2019app\u00e9tit des terroristes. Il est aussi primordial d\u2019\u0153uvrer \u00e0 la conqu\u00eate des zones tomb\u00e9es dans l\u2019escarcelle des groupes terroristes. C\u2019est dans cette perspective, qu\u2019un travail de r\u00e9gulation cons\u00e9quente de l\u2019orpaillage pourrait \u00eatre envisag\u00e9. Cette exploitation artisanale de l\u2019or doit \u00eatre entrav\u00e9e, d\u2019autant plus que les groupes terroristes disposent d\u2019autres sources de financement.<\/p>\n<p>D\u00e9j\u00e0, l\u2019orpaillage est pr\u00e9-judiciable \u00e0 l\u2019environ-nement puisqu\u2019il est pratiqu\u00e9 au m\u00e9pris des r\u00e8gles qui prot\u00e8gent le couvert v\u00e9g\u00e9tal.<br \/>Les Etats pris individuel-lement et le G5 Sahel sont suffisamment alert\u00e9s sur cette question de pillage des ressources par les terroristes. Il est temps d\u2019envisager des solutions idoines pour couper l\u2019app\u00e9tit \u00e0 ces pr\u00e9dateurs.<\/p>\n<p><strong>Karim BADOLO<\/strong><\/p>\n<div class=\"td-a-rec td-a-rec-id-content_bottom tdi_31_79f td_block_template_1\"><img loading=\"lazy\" decoding=\"async\" class=\"aligncenter size-full wp-image-22415\" src=\"https:\/\/www.sidwaya.info\/wp-content\/uploads\/2020\/05\/Bandeau-paiement-mobile-site.png\" alt=\"\" width=\"728\" height=\"90\"\/><\/div>\n<p>Auteur: BM. Sidwaya<br \/>\n<a href=\"https:\/\/www.sidwaya.info\/blog\/2020\/09\/07\/lautre-combat-contre-le-terrorisme\/\">Cliquez ici pour lire l&rsquo;article depuis sa source.<\/a><\/p>\n","protected":false},"excerpt":{"rendered":"<p>Sous le pr\u00e9texte fallacieux de chasser ceux qui pillent les richesses africaines pour instaurer un Etat islamique au Sahel, les groupes terroristes qui \u00e9cument la zone sont en train de se rendre coupables de ce qu\u2019ils reprochent \u00e0 leurs pr\u00e9tendus \u00ab ennemis \u00bb. Selon un rapport d\u2019International Crisis group, les mines artisanales d\u2019or au Mali [&hellip;]<\/p>\n","protected":false},"author":1816,"featured_media":98172,"comment_status":"closed","ping_status":"closed","sticky":false,"template":"","format":"standard","meta":{"fifu_image_url":"","fifu_image_alt":"","footnotes":""},"categories":[73,81],"tags":[],"class_list":["post-98171","post","type-post","status-publish","format-standard","has-post-thumbnail","hentry","category-actualite","category-burkina-faso"],"_links":{"self":[{"href":"https:\/\/linitiative.ca\/International\/wp-json\/wp\/v2\/posts\/98171","targetHints":{"allow":["GET"]}}],"collection":[{"href":"https:\/\/linitiative.ca\/International\/wp-json\/wp\/v2\/posts"}],"about":[{"href":"https:\/\/linitiative.ca\/International\/wp-json\/wp\/v2\/types\/post"}],"author":[{"embeddable":true,"href":"https:\/\/linitiative.ca\/International\/wp-json\/wp\/v2\/users\/1816"}],"replies":[{"embeddable":true,"href":"https:\/\/linitiative.ca\/International\/wp-json\/wp\/v2\/comments?post=98171"}],"version-history":[{"count":0,"href":"https:\/\/linitiative.ca\/International\/wp-json\/wp\/v2\/posts\/98171\/revisions"}],"wp:featuredmedia":[{"embeddable":true,"href":"https:\/\/linitiative.ca\/International\/wp-json\/"}],"wp:attachment":[{"href":"https:\/\/linitiative.ca\/International\/wp-json\/wp\/v2\/media?parent=98171"}],"wp:term":[{"taxonomy":"category","embeddable":true,"href":"https:\/\/linitiative.ca\/International\/wp-json\/wp\/v2\/categories?post=98171"},{"taxonomy":"post_tag","embeddable":true,"href":"https:\/\/linitiative.ca\/International\/wp-json\/wp\/v2\/tags?post=98171"}],"curies":[{"name":"wp","href":"https:\/\/api.w.org\/{rel}","templated":true}]}}