{"id":98178,"date":"2020-09-07T17:18:02","date_gmt":"2020-09-07T21:18:02","guid":{"rendered":"https:\/\/linitiative.ca\/International\/cedeao-un-sommet-des-aspirations-a-combler\/"},"modified":"2020-09-07T17:18:02","modified_gmt":"2020-09-07T21:18:02","slug":"cedeao-un-sommet-des-aspirations-a-combler","status":"publish","type":"post","link":"https:\/\/linitiative.ca\/International\/cedeao-un-sommet-des-aspirations-a-combler\/","title":{"rendered":"Cedeao : un sommet, des aspirations \u00e0 combler"},"content":{"rendered":"<div readability=\"32\">\n<p>Publi\u00e9 le 07.09.2020 \u00e0 22h18 par APA News<\/p>\n<\/div>\n<div readability=\"119\">\n<p>La Communaut\u00e9 \u00e9conomique des \u00c9tats de l\u2019Afrique de l\u2019ouest (Cedeao) ambitionne de se r\u00e9inventer \u00e0 l\u2019aune des d\u00e9fis multiples \u00e0 relever.\u00c0 Niamey, la capitale nig\u00e9rienne, la Cedeao devait chercher ce lundi 7 septembre \u00e0 trouver un second souffle pour assurer la s\u00e9curit\u00e9 r\u00e9gionale, consolider les institutions d\u00e9mocratiques et parachever l\u2019int\u00e9gration \u00e9conomique.<\/p>\n<p>Le 57e Sommet ordinaire des chefs d\u2019\u00c9tat et de gouvernement, la premi\u00e8re r\u00e9union en pr\u00e9sentiel depuis l\u2019apparition de la Covid-19, traite de ces questions essentielles \u00e0 l\u2019essor de cet espace communautaire.<\/p>\n<p>Le passage d\u2019une Cedeao des \u00c9tats \u00e0 une Cedeao des peuples tant th\u00e9oris\u00e9 n\u2019est pas encore effectif. Pourtant, en d\u00e9cembre 2019, lors du Sommet d\u2019Abuja (Nigeria), les \u00c9tats membres s\u2019\u00e9taient engag\u00e9s \u00e0 acc\u00e9l\u00e9rer le processus d\u2019int\u00e9gration garantissant la libre circulation des personnes et des biens. Dans le volet \u00e9conomique,<br \/>le lancement, courant 2020, d\u2019une monnaie commune \u00e9tait tr\u00e8s attendu.<\/p>\n<p>Jusque-l\u00e0, ce projet n\u2019a pas connu d\u2019avanc\u00e9es significatives. Pire, l\u2019adoption de l\u2019\u00c9co, par l\u2019Union \u00e9conomique et mon\u00e9taire des \u00c9tats de l\u2019Afrique de l\u2019ouest (Uemoa), ne concourt pas \u00e0 son av\u00e8nement. Pour les pays anglophones de la r\u00e9gion ouest-africaine, principalement le Nigeria, cette nouvelle monnaie ne r\u00e9pond pas aux caract\u00e9ristiques d\u00e9finies en amont.<\/p>\n<p>Dans son discours inaugural prononc\u00e9 au Centre International des Conf\u00e9rences Mahatma Ghandi de Niamey, Mouhamadou Issoufou, le chef de l\u2019\u00c9tat du Niger et pr\u00e9sident en exercice de la Cedeao, a soulign\u00e9 qu\u2019au terme de ce sommet ordinaire, la Cedeao doit \u00ab \u00e9laborer une nouvelle feuille de route tout en maintenant une approche graduelle pour le lancement de la monnaie commune \u00bb.<\/p>\n<p>En outre, la question de la s\u00e9curit\u00e9 rev\u00eat une importance capitale pour la Cedeao confront\u00e9e, selon M. Issoufou, \u00ab aux menaces des organisations terroristes et criminelles \u00bb.<\/p>\n<p>En 2019, l\u2019organisation r\u00e9gionale a \u00e9labor\u00e9 un \u00ab plan d\u2019actions \u00bb estim\u00e9 \u00e0 2,3 milliards de dollars pour \u00ab \u00e9radiquer le terrorisme dans la r\u00e9gion \u00bb sur la p\u00e9riode 2020-2024. Cependant, le financement de l\u2019action militaire n\u2019est pas \u00e0 la hauteur des attentes.<\/p>\n<p>\u00ab Les difficult\u00e9s de mobilisation des financements handicapent la mise en \u0153uvre de ce plan. Mise \u00e0 part la contribution vers\u00e9e par les pays membres de l\u2019Uemoa, les autres promesses de contribution tardent \u00e0 se concr\u00e9tiser \u00bb, a signal\u00e9 le pr\u00e9sident nig\u00e9rien.<\/p>\n<p>Ce dernier a ainsi lanc\u00e9 \u00ab un appel \u00e0 la solidarit\u00e9 de tous les pays membres \u00bb car \u00ab la menace s\u2019\u00e9tend et les risques sont grands qu\u2019elle m\u00e9tastase dans l\u2019ensemble de notre r\u00e9gion \u00bb.<\/p>\n<p>Sur le plan politique, la Cedeao se d\u00e9ploie pour ancrer la d\u00e9mocratie dans l\u2019espace communautaire. Mais au Mali, elle n\u2019a pu emp\u00eacher le renversement du pr\u00e9sident \u00e9lu Ibrahim Boubacar Ke\u00efta (IBK) par une junte militaire regroup\u00e9e maintenant au sein du Comit\u00e9 National pour le Salut du Peuple (CNSP).<\/p>\n<p>La gestion de la transition politique pr\u00e9occupe les pr\u00e9sidents ouest-africains qui misent sur une personnalit\u00e9 civile pour assurer un retour \u00e0 l\u2019ordre constitutionnel. \u00c0 Niamey, les pays membres de la Cedeao ont fix\u00e9 un ultimatum pour la nomination, au plus tard le 15 septembre prochain, de deux civils aux postes de pr\u00e9sident et de Premier ministre de la transition. L\u2019organisation r\u00e9gionale prend acte du dialogue national initi\u00e9 par le CNSP sans pour autant lever les sanctions prises ant\u00e9rieurement \u00e0 l\u2019encontre du Mali.<\/p>\n<p>La Cedeao est \u00e9galement menac\u00e9e par le spectre du troisi\u00e8me mandat que veulent briguer Alassane Ouattara de la C\u00f4te d\u2019Ivoire ou encore Alpha Cond\u00e9 de la Guin\u00e9e. Les crises post-\u00e9lectorales sont redout\u00e9es dans ces pays o\u00f9 le ton monte.<br \/>Mouhamadou Issoufou, qui a d\u00e9cid\u00e9 de ne pas modifier la Constitution nig\u00e9rienne pour se pr\u00e9senter \u00e0 la pr\u00e9sidentielle de 2021, a demand\u00e9 \u00e0 ses pairs de \u00ab veiller \u00e0 ce que notre communaut\u00e9 conserve son leadership en mati\u00e8re de consolidation des institutions d\u00e9mocratiques \u00bb.<br \/>Le chef de l\u2019\u00c9tat du Niger a pass\u00e9 le t\u00e9moin \u00e0 son homologue ghan\u00e9en Nana Akufo-Addo qui va pr\u00e9sider la Cedeao durant une ann\u00e9e.<\/p>\n<\/div>\n<p>Auteur: APA News<br \/>\n<a href=\"https:\/\/www.journalducameroun.com\/cedeao-un-sommet-des-aspirations-a-combler\/\">Cliquez ici pour lire l&rsquo;article depuis sa source.<\/a><\/p>\n","protected":false},"excerpt":{"rendered":"<p>Publi\u00e9 le 07.09.2020 \u00e0 22h18 par APA News La Communaut\u00e9 \u00e9conomique des \u00c9tats de l\u2019Afrique de l\u2019ouest (Cedeao) ambitionne de se r\u00e9inventer \u00e0 l\u2019aune des d\u00e9fis multiples \u00e0 relever.\u00c0 Niamey, la capitale nig\u00e9rienne, la Cedeao devait chercher ce lundi 7 septembre \u00e0 trouver un second souffle pour assurer la s\u00e9curit\u00e9 r\u00e9gionale, consolider les institutions d\u00e9mocratiques [&hellip;]<\/p>\n","protected":false},"author":1965,"featured_media":0,"comment_status":"closed","ping_status":"closed","sticky":false,"template":"","format":"standard","meta":{"fifu_image_url":"","fifu_image_alt":"","footnotes":""},"categories":[73,82],"tags":[],"class_list":["post-98178","post","type-post","status-publish","format-standard","hentry","category-actualite","category-cameroun"],"_links":{"self":[{"href":"https:\/\/linitiative.ca\/International\/wp-json\/wp\/v2\/posts\/98178","targetHints":{"allow":["GET"]}}],"collection":[{"href":"https:\/\/linitiative.ca\/International\/wp-json\/wp\/v2\/posts"}],"about":[{"href":"https:\/\/linitiative.ca\/International\/wp-json\/wp\/v2\/types\/post"}],"author":[{"embeddable":true,"href":"https:\/\/linitiative.ca\/International\/wp-json\/wp\/v2\/users\/1965"}],"replies":[{"embeddable":true,"href":"https:\/\/linitiative.ca\/International\/wp-json\/wp\/v2\/comments?post=98178"}],"version-history":[{"count":0,"href":"https:\/\/linitiative.ca\/International\/wp-json\/wp\/v2\/posts\/98178\/revisions"}],"wp:attachment":[{"href":"https:\/\/linitiative.ca\/International\/wp-json\/wp\/v2\/media?parent=98178"}],"wp:term":[{"taxonomy":"category","embeddable":true,"href":"https:\/\/linitiative.ca\/International\/wp-json\/wp\/v2\/categories?post=98178"},{"taxonomy":"post_tag","embeddable":true,"href":"https:\/\/linitiative.ca\/International\/wp-json\/wp\/v2\/tags?post=98178"}],"curies":[{"name":"wp","href":"https:\/\/api.w.org\/{rel}","templated":true}]}}