{"id":98179,"date":"2020-09-07T17:18:04","date_gmt":"2020-09-07T21:18:04","guid":{"rendered":"https:\/\/linitiative.ca\/International\/les-ministres-des-ae-marocain-et-egyptien-examinent-les-efforts-communs-pour-laboutissement-dun-reglement-politique-en-libye\/"},"modified":"2020-09-07T17:18:04","modified_gmt":"2020-09-07T21:18:04","slug":"les-ministres-des-ae-marocain-et-egyptien-examinent-les-efforts-communs-pour-laboutissement-dun-reglement-politique-en-libye","status":"publish","type":"post","link":"https:\/\/linitiative.ca\/International\/les-ministres-des-ae-marocain-et-egyptien-examinent-les-efforts-communs-pour-laboutissement-dun-reglement-politique-en-libye\/","title":{"rendered":"Les ministres des AE marocain et \u00e9gyptien examinent les efforts communs pour l\u2019aboutissement d\u2019un r\u00e8glement politique en Libye"},"content":{"rendered":"<div readability=\"32\">\n<p>Publi\u00e9 le 07.09.2020 \u00e0 22h18 par APA News<\/p>\n<\/div>\n<div readability=\"61\">\n<p>Le ministre marocain des Affaires \u00e9trang\u00e8res et de la Coop\u00e9ration africaine, Nasser Bourita, a eu lundi un entretien t\u00e9l\u00e9phonique avec son homologue \u00e9gyptien, Sameh Chokri, ax\u00e9 sur les derniers d\u00e9veloppements en rapport avec le dossier libyen et les efforts communs pour l\u2019aboutissement d\u2019un r\u00e8glement politique de la crise dans ce pays.Ces entretiens r\u00e9pondent \u00e0 la volont\u00e9 mutuelle pour la coordination et le d\u00e9ploiement des efforts en vue d\u2019un r\u00e8glement politique en Libye, a soulign\u00e9 le porte-parole du minist\u00e8re \u00e9gyptien des affaires \u00e9trang\u00e8res dans un communiqu\u00e9.<\/p>\n<p>Le ministre \u00e9gyptien a r\u00e9it\u00e9r\u00e9 la position constante de l\u2019Egypte \u00e0 oeuvrer pour parvenir \u00e0 une solution politique pr\u00e9servant la souverainet\u00e9 et l\u2019int\u00e9grit\u00e9 territoriale de la Libye et r\u00e9pondant aux aspirations du peuple libyen \u00e0 la paix et la s\u00e9curit\u00e9 tout en pr\u00e9servant ses ressources, ce qui contribuera \u00e0 la lutte contre toutes les manifestations du terrorisme, de l\u2019extr\u00e9misme et des ing\u00e9rences \u00e9trang\u00e8res.<\/p>\n<p>Les deux ministres ont examin\u00e9 aussi, selon la m\u00eame source, les initiatives actuelles visant \u00e0 perdurer le cessez-le-feu et \u00e0 aboutir \u00e0 un r\u00e8glement politique global de la crise dans le pays.<\/p>\n<p>Ils ont, \u00e0 cette occasion, convenu de poursuivre la concertation et la coordination et d\u2019intensifier les contacts avec les acteurs de la sc\u00e8ne libyenne, les partenaires internationaux, l\u2019envoy\u00e9 sp\u00e9cial de l\u2019ONU et la commission africaine, ainsi qu\u2019au sein de la Ligue arabe.<\/p>\n<\/div>\n<p>Auteur: APA News<br \/>\n<a href=\"https:\/\/www.journalducameroun.com\/les-ministres-des-ae-marocain-et-egyptien-examinent-les-efforts-communs-pour-laboutissement-dun-reglement-politique-en-libye\/\">Cliquez ici pour lire l&rsquo;article depuis sa source.<\/a><\/p>\n","protected":false},"excerpt":{"rendered":"<p>Publi\u00e9 le 07.09.2020 \u00e0 22h18 par APA News Le ministre marocain des Affaires \u00e9trang\u00e8res et de la Coop\u00e9ration africaine, Nasser Bourita, a eu lundi un entretien t\u00e9l\u00e9phonique avec son homologue \u00e9gyptien, Sameh Chokri, ax\u00e9 sur les derniers d\u00e9veloppements en rapport avec le dossier libyen et les efforts communs pour l\u2019aboutissement d\u2019un r\u00e8glement politique de la [&hellip;]<\/p>\n","protected":false},"author":1965,"featured_media":0,"comment_status":"closed","ping_status":"closed","sticky":false,"template":"","format":"standard","meta":{"fifu_image_url":"","fifu_image_alt":"","footnotes":""},"categories":[73,82],"tags":[],"class_list":["post-98179","post","type-post","status-publish","format-standard","hentry","category-actualite","category-cameroun"],"_links":{"self":[{"href":"https:\/\/linitiative.ca\/International\/wp-json\/wp\/v2\/posts\/98179","targetHints":{"allow":["GET"]}}],"collection":[{"href":"https:\/\/linitiative.ca\/International\/wp-json\/wp\/v2\/posts"}],"about":[{"href":"https:\/\/linitiative.ca\/International\/wp-json\/wp\/v2\/types\/post"}],"author":[{"embeddable":true,"href":"https:\/\/linitiative.ca\/International\/wp-json\/wp\/v2\/users\/1965"}],"replies":[{"embeddable":true,"href":"https:\/\/linitiative.ca\/International\/wp-json\/wp\/v2\/comments?post=98179"}],"version-history":[{"count":0,"href":"https:\/\/linitiative.ca\/International\/wp-json\/wp\/v2\/posts\/98179\/revisions"}],"wp:attachment":[{"href":"https:\/\/linitiative.ca\/International\/wp-json\/wp\/v2\/media?parent=98179"}],"wp:term":[{"taxonomy":"category","embeddable":true,"href":"https:\/\/linitiative.ca\/International\/wp-json\/wp\/v2\/categories?post=98179"},{"taxonomy":"post_tag","embeddable":true,"href":"https:\/\/linitiative.ca\/International\/wp-json\/wp\/v2\/tags?post=98179"}],"curies":[{"name":"wp","href":"https:\/\/api.w.org\/{rel}","templated":true}]}}