{"id":98191,"date":"2020-09-08T09:49:44","date_gmt":"2020-09-08T13:49:44","guid":{"rendered":"https:\/\/linitiative.ca\/International\/meurtre-dun-jeune-homme-a-ksar-kebir-un-suspect-arrete\/"},"modified":"2020-09-08T09:49:44","modified_gmt":"2020-09-08T13:49:44","slug":"meurtre-dun-jeune-homme-a-ksar-kebir-un-suspect-arrete","status":"publish","type":"post","link":"https:\/\/linitiative.ca\/International\/meurtre-dun-jeune-homme-a-ksar-kebir-un-suspect-arrete\/","title":{"rendered":"Meurtre d\u2019un jeune homme \u00e0 Ksar Kebir : Un suspect arr\u00eat\u00e9"},"content":{"rendered":"<header readability=\"1.1698113207547\">\n<\/header>\n<div class=\"entry-content clearfix\" readability=\"41\"><img decoding=\"async\" class=\"post_layout_5_img\" src=\"http:\/\/aujourdhui.ma\/wp-content\/uploads\/2019\/04\/meurtre-maroc.jpg\" alt=\"Meurtre d&#x2019;un jeune homme &#xE0; Ksar Kebir : Un suspect arr&#xEA;t&#xE9;\"\/><\/p>\n<p>Impliqu\u00e9 dans une affaire de meurtre d\u2019un jeune homme \u00e0 Larache, un homme, \u00e2g\u00e9 de trente-cinq ans, a \u00e9t\u00e9 arr\u00eat\u00e9 \u00e0 Ksar Kebir apr\u00e8s une fuite qui a dur\u00e9 une semaine. <span id=\"more-354900\"\/>Ce jeune suspect qui faisait l\u2019objet d\u2019une note de recherche diffus\u00e9e \u00e0 l\u2019\u00e9chelle nationale avait, il y a plus d\u2019une semaine, avec la complicit\u00e9 de trois autres suspects, poignard\u00e9 \u00e0 mort un jeune et pris la fuite. Il a finalement \u00e9t\u00e9 identifi\u00e9 par les limiers de Ksar Kebir avant d\u2019\u00eatre arr\u00eat\u00e9 et mis entre les mains de la brigade charg\u00e9e de l\u2019affaire \u00e0 Larache.<\/p>\n<\/div>\n<p>Auteur: Abderrafii ALOUMLIKI<br \/>\n<a href=\"https:\/\/aujourdhui.ma\/faits-divers\/meurtre-dun-jeune-homme-a-ksar-kebir-un-suspect-arrete\">Cliquez ici pour lire l&rsquo;article depuis sa source.<\/a><\/p>\n","protected":false},"excerpt":{"rendered":"<p>Impliqu\u00e9 dans une affaire de meurtre d\u2019un jeune homme \u00e0 Larache, un homme, \u00e2g\u00e9 de trente-cinq ans, a \u00e9t\u00e9 arr\u00eat\u00e9 \u00e0 Ksar Kebir apr\u00e8s une fuite qui a dur\u00e9 une semaine. Ce jeune suspect qui faisait l\u2019objet d\u2019une note de recherche diffus\u00e9e \u00e0 l\u2019\u00e9chelle nationale avait, il y a plus d\u2019une semaine, avec la complicit\u00e9 [&hellip;]<\/p>\n","protected":false},"author":1759,"featured_media":98192,"comment_status":"closed","ping_status":"closed","sticky":false,"template":"","format":"standard","meta":{"fifu_image_url":"","fifu_image_alt":"","footnotes":""},"categories":[73,54],"tags":[],"class_list":["post-98191","post","type-post","status-publish","format-standard","has-post-thumbnail","hentry","category-actualite","category-maroc"],"_links":{"self":[{"href":"https:\/\/linitiative.ca\/International\/wp-json\/wp\/v2\/posts\/98191","targetHints":{"allow":["GET"]}}],"collection":[{"href":"https:\/\/linitiative.ca\/International\/wp-json\/wp\/v2\/posts"}],"about":[{"href":"https:\/\/linitiative.ca\/International\/wp-json\/wp\/v2\/types\/post"}],"author":[{"embeddable":true,"href":"https:\/\/linitiative.ca\/International\/wp-json\/wp\/v2\/users\/1759"}],"replies":[{"embeddable":true,"href":"https:\/\/linitiative.ca\/International\/wp-json\/wp\/v2\/comments?post=98191"}],"version-history":[{"count":0,"href":"https:\/\/linitiative.ca\/International\/wp-json\/wp\/v2\/posts\/98191\/revisions"}],"wp:featuredmedia":[{"embeddable":true,"href":"https:\/\/linitiative.ca\/International\/wp-json\/"}],"wp:attachment":[{"href":"https:\/\/linitiative.ca\/International\/wp-json\/wp\/v2\/media?parent=98191"}],"wp:term":[{"taxonomy":"category","embeddable":true,"href":"https:\/\/linitiative.ca\/International\/wp-json\/wp\/v2\/categories?post=98191"},{"taxonomy":"post_tag","embeddable":true,"href":"https:\/\/linitiative.ca\/International\/wp-json\/wp\/v2\/tags?post=98191"}],"curies":[{"name":"wp","href":"https:\/\/api.w.org\/{rel}","templated":true}]}}