{"id":98193,"date":"2020-09-08T09:51:08","date_gmt":"2020-09-08T13:51:08","guid":{"rendered":"https:\/\/linitiative.ca\/International\/agadir-un-enseignant-du-primaire-met-fin-a-ses-jours\/"},"modified":"2020-09-08T09:51:08","modified_gmt":"2020-09-08T13:51:08","slug":"agadir-un-enseignant-du-primaire-met-fin-a-ses-jours","status":"publish","type":"post","link":"https:\/\/linitiative.ca\/International\/agadir-un-enseignant-du-primaire-met-fin-a-ses-jours\/","title":{"rendered":"Agadir : Un enseignant du primaire met fin \u00e0 ses jours"},"content":{"rendered":"<header readability=\"1.156862745098\">\n<\/header>\n<div class=\"entry-content clearfix\" readability=\"43\"><img decoding=\"async\" class=\"post_layout_5_img\" src=\"http:\/\/aujourdhui.ma\/wp-content\/uploads\/2019\/12\/suicide.jpg\" alt=\"Agadir : Un enseignant du primaire met fin &#xE0; ses jours\"\/><\/p>\n<p>Au quartier Essafa, \u00e0 Agadir, un jeune enseignant s\u2019est suicid\u00e9, dimanche matin, en se jetant dans le vide. Depuis la fen\u00eatre de son domicile, au quatri\u00e8me \u00e9tage, cet enseignant des classes primaires s\u2019est lanc\u00e9 pour s\u2019\u00e9craser au sol. Rien pour le moment n\u2019explique son acte de d\u00e9sespoir. Jouissant d\u2019une bonne r\u00e9putation, il semble toutefois avoir souffert depuis quelques mois de troubles psychiques. Alert\u00e9s, les \u00e9l\u00e9ments de l\u2019autorit\u00e9 publique ainsi que les limiers de la police de la ville se sont d\u00e9p\u00each\u00e9s sur les lieux pour diligenter une enqu\u00eate. Le cadavre du d\u00e9funt a \u00e9t\u00e9 \u00e9vacu\u00e9 vers la morgue de l\u2019h\u00f4pital r\u00e9gional Hassan II pour \u00eatre soumis \u00e0 l\u2019autopsie.<\/p>\n<\/div>\n<p>Auteur: Abderrafii ALOUMLIKI<br \/>\n<a href=\"https:\/\/aujourdhui.ma\/faits-divers\/agadir-un-enseignant-du-primaire-met-fin-a-ses-jours\">Cliquez ici pour lire l&rsquo;article depuis sa source.<\/a><\/p>\n","protected":false},"excerpt":{"rendered":"<p>Au quartier Essafa, \u00e0 Agadir, un jeune enseignant s\u2019est suicid\u00e9, dimanche matin, en se jetant dans le vide. Depuis la fen\u00eatre de son domicile, au quatri\u00e8me \u00e9tage, cet enseignant des classes primaires s\u2019est lanc\u00e9 pour s\u2019\u00e9craser au sol. Rien pour le moment n\u2019explique son acte de d\u00e9sespoir. Jouissant d\u2019une bonne r\u00e9putation, il semble toutefois avoir [&hellip;]<\/p>\n","protected":false},"author":1759,"featured_media":98194,"comment_status":"closed","ping_status":"closed","sticky":false,"template":"","format":"standard","meta":{"fifu_image_url":"","fifu_image_alt":"","footnotes":""},"categories":[73,54],"tags":[],"class_list":["post-98193","post","type-post","status-publish","format-standard","has-post-thumbnail","hentry","category-actualite","category-maroc"],"_links":{"self":[{"href":"https:\/\/linitiative.ca\/International\/wp-json\/wp\/v2\/posts\/98193","targetHints":{"allow":["GET"]}}],"collection":[{"href":"https:\/\/linitiative.ca\/International\/wp-json\/wp\/v2\/posts"}],"about":[{"href":"https:\/\/linitiative.ca\/International\/wp-json\/wp\/v2\/types\/post"}],"author":[{"embeddable":true,"href":"https:\/\/linitiative.ca\/International\/wp-json\/wp\/v2\/users\/1759"}],"replies":[{"embeddable":true,"href":"https:\/\/linitiative.ca\/International\/wp-json\/wp\/v2\/comments?post=98193"}],"version-history":[{"count":0,"href":"https:\/\/linitiative.ca\/International\/wp-json\/wp\/v2\/posts\/98193\/revisions"}],"wp:featuredmedia":[{"embeddable":true,"href":"https:\/\/linitiative.ca\/International\/wp-json\/"}],"wp:attachment":[{"href":"https:\/\/linitiative.ca\/International\/wp-json\/wp\/v2\/media?parent=98193"}],"wp:term":[{"taxonomy":"category","embeddable":true,"href":"https:\/\/linitiative.ca\/International\/wp-json\/wp\/v2\/categories?post=98193"},{"taxonomy":"post_tag","embeddable":true,"href":"https:\/\/linitiative.ca\/International\/wp-json\/wp\/v2\/tags?post=98193"}],"curies":[{"name":"wp","href":"https:\/\/api.w.org\/{rel}","templated":true}]}}