{"id":98195,"date":"2020-09-08T10:00:59","date_gmt":"2020-09-08T14:00:59","guid":{"rendered":"https:\/\/linitiative.ca\/International\/entretien-avec-lamia-chraibi-productrice-marocaine-la-reconnaissance-nous-motive-a-hisser-le-cinema-marocain-toujours-plus-haut\/"},"modified":"2020-09-08T10:00:59","modified_gmt":"2020-09-08T14:00:59","slug":"entretien-avec-lamia-chraibi-productrice-marocaine-la-reconnaissance-nous-motive-a-hisser-le-cinema-marocain-toujours-plus-haut","status":"publish","type":"post","link":"https:\/\/linitiative.ca\/International\/entretien-avec-lamia-chraibi-productrice-marocaine-la-reconnaissance-nous-motive-a-hisser-le-cinema-marocain-toujours-plus-haut\/","title":{"rendered":"Entretien avec Lamia Chraibi, productrice marocaine : \u00abLa reconnaissance nous motive \u00e0 hisser  le cin\u00e9ma marocain toujours plus haut\u00bb"},"content":{"rendered":"<p><img decoding=\"async\" class=\"post_layout_5_img\" src=\"http:\/\/aujourdhui.ma\/wp-content\/uploads\/2020\/09\/LAMIA-CHRAIBI.jpg\" alt=\"Entretien avec Lamia Chraibi, productrice marocaine : &#xAB;La reconnaissance nous motive &#xE0; hisser le cin&#xE9;ma marocain toujours plus haut&#xBB;\"\/><\/p>\n<p><strong>Lamia Chraibi, qui a produit le long-m\u00e9trage \u00abMica\u00bb du r\u00e9alisateur franco-marocain Isma\u00ebl Ferroukhi, s\u2019exprime sur son attachement \u00e0 cette \u0153uvre cin\u00e9matographique qui a fort s\u00e9duit lors de sa projection en avant-premi\u00e8re au Festival du film francophone d\u2019Angoul\u00eame ayant eu lieu du 28 ao\u00fbt au 2 septembre. Elle parle \u00e9galement de sa passion pour le cin\u00e9ma ind\u00e9pendant afin d\u2019y inscrire sa griffe, son exp\u00e9rience et ses projets.<\/strong><br \/><span id=\"more-354869\"\/><\/p>\n<p><span class=\"c5\"><strong>ALM<\/strong><\/span> : <span class=\"c6\"><strong>Le film \u00abMica\u00bb a s\u00e9duit au festival d\u2019Angoul\u00eame. Qu\u2019est-ce que cela vous a fait en tant que productrice ?<\/strong><\/span><\/p>\n<p><strong><span class=\"c5\">Lamia Chraibi<\/span><\/strong> : Le but de tout producteur est de pouvoir montrer ses films. Les producteurs dont les films ont la chance d\u2019\u00eatre s\u00e9lectionn\u00e9s au festival d\u2019Angoul\u00eame sont contents de l\u2019occasion qui les rassure quant \u00e0 la possibilit\u00e9 de sortie en salle de leur film. Le travail de promotion et l\u2019investissement qu\u2019il restera \u00e0 faire pour la distribution sera justifi\u00e9. C\u2019est une audience non professionnelle, et donc id\u00e9ale pour le crash-test. Ce festival a su donner rendez-vous chaque ann\u00e9e \u00e0 un public friand d\u2019un cin\u00e9ma francophone et avide de regards singuliers de jeunes auteurs. La s\u00e9lection des films reste pointue. Ce festival est \u00e9galement fort de la confiance de son public pour une s\u00e9lection de films toujours au niveau d\u2019un public de plus en plus exigeant. Le succ\u00e8s public est un vrai plaisir, Ismael a \u00e9t\u00e9 pris d\u2019assaut \u00e0 chaque fin de projection par des spectateurs rest\u00e9s \u00e9mus par le film pour \u00eatre f\u00e9licit\u00e9 et interrog\u00e9 encore et encore sur le sort du petit Mica. Les commentaires ont \u00e9t\u00e9 extr\u00eamement enthousiastes, la promesse d\u2019un travail de bouche-\u00e0-oreille est un beau cadeau. C\u2019est une cons\u00e9cration. Une joie \u00e9norme. Faire un film est une \u00e9preuve d\u2019endurance, avec des hauts et des bas\u2026 Il faut s\u2019accrocher pour lui donner toutes ses chances. Il va de soi que la reconnaissance, qui plus est, internationale, nous motive \u00e0 vouloir donner plus et hisser le cin\u00e9ma marocain toujours plus haut, toujours plus loin. Et comme le cin\u00e9ma est un travail d\u2019\u00e9quipe, j\u2019en profite pour partager ma joie et ma gratitude infinie avec tous les membres de l\u2019\u00e9quipe technique et artistique ainsi que toutes les personnes qui ont particip\u00e9 de pr\u00e8s ou de loin \u00e0 concr\u00e9tiser la vision du r\u00e9alisateur.<\/p>\n<p><strong><span class=\"c6\">Au-del\u00e0 de la sinc\u00e9rit\u00e9 du film \u00abMica\u00bb, vous avez s\u00fbrement accept\u00e9 de produire cette \u0153uvre pour d\u2019autres raisons. Pourriez-vous partager celles-ci avec nous ?<\/span><\/strong><\/p>\n<p>Mica, c\u2019est d\u2019abord l\u2019histoire d\u2019une success story \u00e0 vocation sociale. Il faut des histoires de ce genre pour redonner de l\u2019espoir \u00e0 des g\u00e9n\u00e9rations de jeunes qui ne pensent qu\u2019\u00e0 migrer vers un sombre eldorado, car ils ont l\u2019impression que toutes les portes se ferment devant eux dans leur pays. Le cin\u00e9ma est un outil d\u2019inspiration incroyablement accessible de nos jours. Ce film illustre le discours que je d\u00e9fends \u00e0 travers d\u2019autres films comme celui de Mohcine Besri \u00abUne urgence ordinaire\u00bb, qui traite de l\u2019immigration aussi. En tant que productrice engag\u00e9e envers mon pays, telle la l\u00e9gende du colibri, je fais ma part du travail\u2026<br \/>Ceci dit, chaque film est une aventure qui vient avec son lot de rencontres et de p\u00e9rip\u00e9ties. J\u2019ai eu le plaisir de travailler aupr\u00e8s de la production fran\u00e7aise Elz\u00e9vir Films et cette exp\u00e9rience a \u00e9t\u00e9 une v\u00e9ritable collaboration positive, car une confiance et une estime mutuelle nous accompagnent durant la production de ce film.<\/p>\n<p><span class=\"c6\"><strong>Et si l\u2019on parlait un peu de vous ? Comment faites-vous valoir votre exp\u00e9rience par rapport \u00e0 d\u2019autres producteurs professionnels marocains ?<\/strong><\/span><\/p>\n<p>Il n\u2019y a pas de recette standard pour produire un film, chaque producteur y va de sa propre exp\u00e9rience, de son propre mode de fonctionnement. Si certains pr\u00e9f\u00e8rent aller vers les films de commande, de mon c\u00f4t\u00e9 je me suis naturellement dirig\u00e9e \u00e0 un moment de ma carri\u00e8re vers le cin\u00e9ma ind\u00e9pendant. Cela \u00e9mane d\u2019une vraie passion pour ce type de cin\u00e9ma et d\u2019un fort d\u00e9sir d\u2019accompagner le processus cr\u00e9atif afin d\u2019y inscrire ma griffe aussi. Je suis ravie d\u2019avoir d\u2019excellents rapports avec mes cons\u0153urs et confr\u00e8res et bien que nos modes de production soient diff\u00e9rents, il n\u2019en est pas moins vrai que l\u2019entraide est le ma\u00eetre mot dans cette histoire. Plus que jamais nous producteurs devons \u00eatre soud\u00e9s et solidaires dans notre fabrication de films. Je suis incroyablement fi\u00e8re de voir que de plus en plus de films marocains arrivent \u00e0 voyager et \u00e0 s\u00e9duire des publics d\u2019autres pays.<\/p>\n<p><span class=\"c6\"><strong>Qu\u2019en est-il de la reprise du secteur de la production apr\u00e8s la crise due au coronavirus ? Quelles pr\u00e9visions en faites-vous ?<\/strong><\/span><\/p>\n<p>La crise a affect\u00e9 le secteur (comme tous les autres secteurs) de fa\u00e7on tr\u00e8s tragique. Les salles sont toujours ferm\u00e9es donc il n\u2019y a pas \u00e0 proprement parler de reprise pour ma soci\u00e9t\u00e9, La Prod ; j\u2019ai deux films qui \u00e9taient en salle quand leur exposition a \u00e9t\u00e9 interrompue par la Covid, et pour lesquelles des frais de promotion ont \u00e9t\u00e9 engag\u00e9s. Je ne fais pas de film de commande (publicit\u00e9, t\u00e9l\u00e9vision, service pour film \u00e9tranger), ma tr\u00e9sorerie est toujours tr\u00e8s fragile. Il faut dire que je me consacre enti\u00e8rement au cin\u00e9ma ind\u00e9pendant, c\u2019est toute une logistique pour trouver des financements, beaucoup de temps et d\u2019investissement. Les t\u00e9l\u00e9visions ont lanc\u00e9 des appels \u00e0 projets pour remplir les grilles de programme de l\u2019ann\u00e9e \u00e0 venir et pour lesquels j\u2019aurais bien voulu r\u00e9pondre pour pallier les probl\u00e8mes de tr\u00e9sorerie mais c\u2019est le poisson qui se mord la queue; car il faut mettre de grosses sommes d\u2019argent pour les cautions que je n\u2019ai pas. Mais nous gardons le cap ! Il faut continuer, r\u00e9fl\u00e9chir, innover et \u00eatre dans une \u00e9coute active. \u00catre en confiance sur ce qui nous attend. La situation est effrayante en soi et ce qui arrive ne sera peut-\u00eatre pas facile, mais la peur est un frein bien plus dangereux. J\u2019essaye de trouver des mod\u00e8les de productions diff\u00e9rents pour proposer du contenu de qualit\u00e9 et de diversifier les supports d\u2019exploitation.<\/p>\n<p><span class=\"c6\"><strong>Auriez-vous d\u2019autres projets ?<\/strong><\/span><\/p>\n<p>Je viens de finir la post-production des documentaires \u00abSchool of Hope\u00bb de Mohamed El Aboudi (coproduction Maroc\/Finlande\/France) et Ziyara de Simone Bitton (coproduction Maroc\/France\/Belgique). Je m\u2019engage aussi \u00e0 finaliser le documentaire de la regrett\u00e9e Dalila Ennadre, Jean-Genet notre P\u00e8re des Fleurs (coproduction France\/Maroc). Aujourd\u2019hui, les spectateurs sont friands de documentaires, de r\u00e9alit\u00e9s plus proches de l\u2019individu, une vision d\u2019auteur est souvent une meilleure mani\u00e8re de comprendre les choses. Par ailleurs, je d\u00e9veloppe le prochain film de Hicham Lasri \u00abUn couple heureux\u00bb qui est en phase de montage financier. Forts de l\u2019avance sur recette du CCM, la somme doit \u00eatre compl\u00e9t\u00e9e de mani\u00e8re cons\u00e9quente pour faire un film \u00e0 la mesure de nos ambitions. En parall\u00e8le, je me suis mise au d\u00e9fi de challenger de nouvelles formes de production en lan\u00e7ant le projet \u00abEt Apr\u00e8s ?\u00bb \u00e0 cette sortie de confinement. Un appel \u00e0 projets public a \u00e9t\u00e9 publi\u00e9 pour les jeunes talents et en parall\u00e8le j\u2019ai sollicit\u00e9 des artistes marocains pour y participer dans le cadre d\u2019un incubateur artistique. L\u2019id\u00e9e \u00e9tant d\u2019interroger les cr\u00e9ateurs toutes disciplines confondues sur la mani\u00e8re dont ils questionnent cette p\u00e9riode \u00e9trange\u2026 J\u2019ai h\u00e2te !<br \/>Pour finir, nous travaillons \u00e9galement sur des projets de s\u00e9ries d\u2019envergure panarabe\/panafricaine impliquant un processus de fabrication en coproduction avec d\u2019autres pays arabes et africains pour une plus large exploitation.<\/p>\n<p>Auteur: Salima Guisser<br \/>\n<a href=\"https:\/\/aujourdhui.ma\/culture\/entretien-avec-lamia-chraibi-productrice-marocaine-la-reconnaissance-nous-motive-a-hisser-le-cinema-marocain-toujours-plus-haut\">Cliquez ici pour lire l&rsquo;article depuis sa source.<\/a><\/p>\n","protected":false},"excerpt":{"rendered":"<p>Lamia Chraibi, qui a produit le long-m\u00e9trage \u00abMica\u00bb du r\u00e9alisateur franco-marocain Isma\u00ebl Ferroukhi, s\u2019exprime sur son attachement \u00e0 cette \u0153uvre cin\u00e9matographique qui a fort s\u00e9duit lors de sa projection en avant-premi\u00e8re au Festival du film francophone d\u2019Angoul\u00eame ayant eu lieu du 28 ao\u00fbt au 2 septembre. Elle parle \u00e9galement de sa passion pour le cin\u00e9ma [&hellip;]<\/p>\n","protected":false},"author":1759,"featured_media":98196,"comment_status":"closed","ping_status":"closed","sticky":false,"template":"","format":"standard","meta":{"fifu_image_url":"","fifu_image_alt":"","footnotes":""},"categories":[73,54],"tags":[],"class_list":["post-98195","post","type-post","status-publish","format-standard","has-post-thumbnail","hentry","category-actualite","category-maroc"],"_links":{"self":[{"href":"https:\/\/linitiative.ca\/International\/wp-json\/wp\/v2\/posts\/98195","targetHints":{"allow":["GET"]}}],"collection":[{"href":"https:\/\/linitiative.ca\/International\/wp-json\/wp\/v2\/posts"}],"about":[{"href":"https:\/\/linitiative.ca\/International\/wp-json\/wp\/v2\/types\/post"}],"author":[{"embeddable":true,"href":"https:\/\/linitiative.ca\/International\/wp-json\/wp\/v2\/users\/1759"}],"replies":[{"embeddable":true,"href":"https:\/\/linitiative.ca\/International\/wp-json\/wp\/v2\/comments?post=98195"}],"version-history":[{"count":0,"href":"https:\/\/linitiative.ca\/International\/wp-json\/wp\/v2\/posts\/98195\/revisions"}],"wp:featuredmedia":[{"embeddable":true,"href":"https:\/\/linitiative.ca\/International\/wp-json\/"}],"wp:attachment":[{"href":"https:\/\/linitiative.ca\/International\/wp-json\/wp\/v2\/media?parent=98195"}],"wp:term":[{"taxonomy":"category","embeddable":true,"href":"https:\/\/linitiative.ca\/International\/wp-json\/wp\/v2\/categories?post=98195"},{"taxonomy":"post_tag","embeddable":true,"href":"https:\/\/linitiative.ca\/International\/wp-json\/wp\/v2\/tags?post=98195"}],"curies":[{"name":"wp","href":"https:\/\/api.w.org\/{rel}","templated":true}]}}