{"id":98197,"date":"2020-09-08T11:04:28","date_gmt":"2020-09-08T15:04:28","guid":{"rendered":"https:\/\/linitiative.ca\/International\/covid-19-ait-taleb-annonce-un-soutien-logistique-substantiel-pour-casablanca\/"},"modified":"2020-09-08T11:04:28","modified_gmt":"2020-09-08T15:04:28","slug":"covid-19-ait-taleb-annonce-un-soutien-logistique-substantiel-pour-casablanca","status":"publish","type":"post","link":"https:\/\/linitiative.ca\/International\/covid-19-ait-taleb-annonce-un-soutien-logistique-substantiel-pour-casablanca\/","title":{"rendered":"Covid-19: Ait Taleb annonce un soutien logistique \u00ab\u00a0substantiel\u00a0\u00bb pour Casablanca"},"content":{"rendered":"<p><img decoding=\"async\" class=\"post_layout_5_img\" src=\"http:\/\/aujourdhui.ma\/wp-content\/uploads\/2020\/05\/Khalid-Ait-Taleb-parlement.jpg\" alt=\"Covid-19: Ait Taleb annonce un soutien logistique &#xAB;&#xA0;substantiel&#xA0;&#xBB; pour Casablanca\"\/><\/p>\n<p><strong>Le ministre de la sant\u00e9, Khalid Ait Taleb, a annonc\u00e9, mardi, la mobilisation d\u2019un soutien logistique \u00ab\u00a0substantiel\u00a0\u00bb au profit de la ville de Casablanca qui fait face \u00e0 la recrudescence des foyers de contamination au nouveau coronavirus (Covid-19).<\/strong><span id=\"more-354904\"\/><\/p>\n<p>\u00ab\u00a0Casablanca, c\u0153ur battant du Maroc sur les plans \u00e9conomique, social et commercial, profitera d\u2019un appui logistique important, de la mobilisation de ressources humaines et de l\u2019augmentation de la capacit\u00e9 des services de r\u00e9animation\u00a0\u00bb, a fait savoir M. Ait Taleb dans une d\u00e9claration \u00e0 la presse au terme d\u2019une r\u00e9union technique avec le ministre de l\u2019industrie, du commerce, de l\u2019\u00e9conomie verte et num\u00e9rique, Moulay Hafid Elalamy, et le wali de la r\u00e9gion Casablanca\u2013Settat, gouverneur de la pr\u00e9fecture de Casablanca, Said Ahmidouch.<\/p>\n<p>Et de poursuivre : \u00ab\u00a0C\u2019est une gestion proactive qui va nous permettre \u00e9ventuellement de faire face \u00e0 l\u2019aggravation de la situation \u00e9pid\u00e9miologique\u00a0\u00bb.<\/p>\n<p>Casablanca a connu, r\u00e9cemment, une croissance importante des cas positifs, ce qui a n\u00e9cessit\u00e9 de passer \u00e0 une vitesse sup\u00e9rieure en mati\u00e8re de lutte contre la Covid-19, a soulign\u00e9 M. Ait Taleb, ajoutant que les mesures drastiques mises en place permettront d\u2019\u00e9valuer la situation durant les 14 prochains jours dans la perspective d\u2019inverser cette tendance croissante.<\/p>\n<p>\u00ab\u00a0La situation telle qu\u2019elle est aujourd\u2019hui reste ma\u00eetrisable et contr\u00f4lable, mais nous avons l\u2019obligation et le devoir de mettre le dispositif n\u00e9cessaire pour faire face \u00e0 une telle recrudescence du nombre de cas graves\u00a0\u00bb, a-t-il dit.<\/p>\n<p>Auteur: ALM<br \/>\n<a href=\"https:\/\/aujourdhui.ma\/societe\/covid-19-ait-taleb-annonce-un-soutien-logistique-substantiel-pour-casablanca\">Cliquez ici pour lire l&rsquo;article depuis sa source.<\/a><\/p>\n","protected":false},"excerpt":{"rendered":"<p>Le ministre de la sant\u00e9, Khalid Ait Taleb, a annonc\u00e9, mardi, la mobilisation d\u2019un soutien logistique \u00ab\u00a0substantiel\u00a0\u00bb au profit de la ville de Casablanca qui fait face \u00e0 la recrudescence des foyers de contamination au nouveau coronavirus (Covid-19). \u00ab\u00a0Casablanca, c\u0153ur battant du Maroc sur les plans \u00e9conomique, social et commercial, profitera d\u2019un appui logistique important, [&hellip;]<\/p>\n","protected":false},"author":1759,"featured_media":98198,"comment_status":"closed","ping_status":"closed","sticky":false,"template":"","format":"standard","meta":{"fifu_image_url":"","fifu_image_alt":"","footnotes":""},"categories":[73,54],"tags":[],"class_list":["post-98197","post","type-post","status-publish","format-standard","has-post-thumbnail","hentry","category-actualite","category-maroc"],"_links":{"self":[{"href":"https:\/\/linitiative.ca\/International\/wp-json\/wp\/v2\/posts\/98197","targetHints":{"allow":["GET"]}}],"collection":[{"href":"https:\/\/linitiative.ca\/International\/wp-json\/wp\/v2\/posts"}],"about":[{"href":"https:\/\/linitiative.ca\/International\/wp-json\/wp\/v2\/types\/post"}],"author":[{"embeddable":true,"href":"https:\/\/linitiative.ca\/International\/wp-json\/wp\/v2\/users\/1759"}],"replies":[{"embeddable":true,"href":"https:\/\/linitiative.ca\/International\/wp-json\/wp\/v2\/comments?post=98197"}],"version-history":[{"count":0,"href":"https:\/\/linitiative.ca\/International\/wp-json\/wp\/v2\/posts\/98197\/revisions"}],"wp:featuredmedia":[{"embeddable":true,"href":"https:\/\/linitiative.ca\/International\/wp-json\/"}],"wp:attachment":[{"href":"https:\/\/linitiative.ca\/International\/wp-json\/wp\/v2\/media?parent=98197"}],"wp:term":[{"taxonomy":"category","embeddable":true,"href":"https:\/\/linitiative.ca\/International\/wp-json\/wp\/v2\/categories?post=98197"},{"taxonomy":"post_tag","embeddable":true,"href":"https:\/\/linitiative.ca\/International\/wp-json\/wp\/v2\/tags?post=98197"}],"curies":[{"name":"wp","href":"https:\/\/api.w.org\/{rel}","templated":true}]}}