{"id":98205,"date":"2020-09-08T09:58:41","date_gmt":"2020-09-08T13:58:41","guid":{"rendered":"https:\/\/linitiative.ca\/International\/%ef%bb%bfsos-villages-denfants-maroc-plaide-pour-une-grande-solidarite\/"},"modified":"2020-09-08T09:58:41","modified_gmt":"2020-09-08T13:58:41","slug":"%ef%bb%bfsos-villages-denfants-maroc-plaide-pour-une-grande-solidarite","status":"publish","type":"post","link":"https:\/\/linitiative.ca\/International\/%ef%bb%bfsos-villages-denfants-maroc-plaide-pour-une-grande-solidarite\/","title":{"rendered":"\ufeffSOS Villages d\u2019enfants Maroc plaide pour une \u00abgrande solidarit\u00e9\u00bb"},"content":{"rendered":"<p class=\"has-text-color has-vivid-red-color c2\"><strong>Face \u00e0 un d\u00e9fi collectif devant le Covid-19<\/strong><\/p>\n<p class=\"has-text-color c3\"><strong>L\u2019association SOS Villages d\u2019enfants Maroc plaide en faveur d\u2019une \u00abgrande solidarit\u00e9\u00bb pour surmonter la crise sanitaire du Covid-19, appelant \u00e0 vivre cette crise comme un d\u00e9fi commun. \u00abVivre la crise sanitaire du Covid-19 comme un d\u00e9fi collectif et la surmonter comme preuve d\u2019une grande solidarit\u00e9\u00bb tel est le message lanc\u00e9 par l\u2019association SOS Villages d\u2019enfants Maroc dans un communiqu\u00e9 parvenu lundi \u00e0 la MAP.<\/strong><\/p>\n<p>\u00abLa crise du Covid-19 nous a tous pris au d\u00e9pourvu. Elle nous a durement \u00e9prouv\u00e9s. Et comme chaque fois, dans une situation de tourmente et de souffrance qui touche toute communaut\u00e9, elle nous a aussi rapproch\u00e9s. Elle nous a unis dans un m\u00eame \u00e9lan, celui de prot\u00e9ger les enfants et jeunes vuln\u00e9rables dont nous avons la charge\u00bb, souligne l\u2019association.<\/p>\n<p>\u00abIl nous a fallu redoubler d\u2019efforts pour les rassurer, veiller \u00e0 leur bien-\u00eatre, les accompagner dans leur scolarit\u00e9, favoriser leur \u00e9panouissement et les aider individuellement, pour qu\u2019ils continuent leur chemin pris vers un avenir que nous voulons s\u00fbr en d\u00e9pit de tous les al\u00e9as\u00bb, a relev\u00e9 Beatrice Beloubad, Directrice nationale de SOS Villages d\u2019enfants Maroc, cit\u00e9e dans le communiqu\u00e9. L\u2019objectif imm\u00e9diat de l\u2019association apr\u00e8s la d\u00e9claration de l\u2019\u00e9tat de confinement fut de garantir la s\u00e9curit\u00e9 de tous en instaurant une hygi\u00e8ne stricte et pr\u00e9venir les risques d\u2019infection et de propagation en exigeant les gestes barri\u00e8res conform\u00e9ment aux directives nationales, rel\u00e8ve la m\u00eame source.<\/p>\n<p>Dans la m\u00eame veine, SOS Villages d\u2019enfants a mis en place un ensemble de mesures notamment informer et sensibiliser des enfants sur les mesures d\u2019hygi\u00e8ne \u00e0 prendre et les gestes barri\u00e8res \u00e0 respecter, instaurer la prise de temp\u00e9rature des enfants et jeunes 2 fois par jour, continuer de faire profiter les enfants des activit\u00e9s parascolaires avec leurs \u00e9ducateurs rest\u00e9s confin\u00e9s aux villages et interdire toutes visites de parrains, donateurs et tous d\u00e9placements inutiles au sein des villages qui pourraient mettre en danger les enfants, jeunes et collaborateurs.<\/p>\n<p>\u00abLe respect de ces mesures allait nous permettre d\u2019assurer la continuit\u00e9 d\u2019une prise en charge de qualit\u00e9 des enfants et jeunes sous notre responsabilit\u00e9, qualit\u00e9 que nous ne voulons jamais perdre en d\u00e9pit de tout\u00bb, fait savoir SOS Villages d\u2019enfants Maroc, notant que \u00abceci fut possible gr\u00e2ce \u00e0 la collaboration du personnel mais \u00e9galement des autorit\u00e9s locales, des donateurs, parrains et amis qui nous ont fid\u00e8lement accompagn\u00e9s, soutenus et entour\u00e9s de leur bienveillance durant cette p\u00e9riode difficile auxquels sommes infiniment reconnaissants\u00bb.<\/p>\n<p>Ces mesures, prises tr\u00e8s rapidement, ont \u00e9t\u00e9 efficaces puisque cette crise a n\u00e9cessit\u00e9 une adaptation de chaque collaborateur, affirme l\u2019association, relevant que plus des 2\/3 d\u2019entre eux ont accept\u00e9 de rester confin\u00e9s dans les Villages et les appartements de suivi des jeunes.\u00a0 Ainsi, l\u2019association a salu\u00e9 \u00e9galement \u00abcette mobilisation totale continue\u00bb et le sens de l\u2019abn\u00e9gation des collaborateurs.<\/p>\n<p>Par la suite et tout au long du confinement, les \u00e9quipes ont assur\u00e9 le suivi et le soutien \u00e0 la scolarit\u00e9 dont les r\u00e9sultats sont tr\u00e8s satisfaisants : passage d\u2019un taux de r\u00e9ussite globale des \u00e9coliers et \u00e9tudiants de 86% en juin 2019 \u00e0 94 % en juin 2020, malgr\u00e9 les circonstances difficiles et un taux de r\u00e9ussite au baccalaur\u00e9at de 80% cette ann\u00e9e, fait-on valoir dans le document.<\/p>\n<p>En outre, l\u2019association indique avoir d\u00e9ploy\u00e9 de \u00abgrands\u00bb efforts pour mettre \u00e0 niveau le mat\u00e9riel informatique et la connexion internet afin que ses \u00e9coliers et \u00e9tudiants poursuivent leurs \u00e9tudes dans les meilleures conditions possibles, en remerciant tous ceux qui les ont aid\u00e9s \u00e0 savoir les pouvoirs publics, les entreprises, les donateurs, les parrains et les marraines.<\/p>\n<p>Par ailleurs, l\u2019association se projette dans l\u2019avenir avec une rentr\u00e9e scolaire qui s\u2019annonce \u00e0 distance en remettant en question l\u2019impact psychologique sur les enfants et les jeunes qui ont d\u00fb vivre l\u2019enfermement durant de longs mois de confinement, n\u2019ont pas profit\u00e9 des vacances d\u2019\u00e9t\u00e9 auxquelles ils \u00e9taient habitu\u00e9s, ont \u00e9t\u00e9 priv\u00e9s des colonies de vacances qu\u2019ils adorent et qui b\u00e9n\u00e9ficieront de peu de sorties \u00e0 cause du contexte sanitaire, selon la m\u00eame source.<\/p>\n<p>\u00abNous restons dans l\u2019espoir de nouvelles synergies positives pour continuer de servir la cause des enfants sans soutien familial et des familles vivant dans la pr\u00e9carit\u00e9\u00bb, conclut le communiqu\u00e9.<\/p>\n<p class=\"c4\">(MAP)<\/p>\n<p>Auteur: M&rsquo;hammed rahal<br \/>\n<a href=\"http:\/\/albayane.press.ma\/%EF%BB%BFsos-villages-denfants-maroc-plaide-pour-une-grande-solidarite.html\">Cliquez ici pour lire l&rsquo;article depuis sa source.<\/a><\/p>\n","protected":false},"excerpt":{"rendered":"<p>Face \u00e0 un d\u00e9fi collectif devant le Covid-19 L\u2019association SOS Villages d\u2019enfants Maroc plaide en faveur d\u2019une \u00abgrande solidarit\u00e9\u00bb pour surmonter la crise sanitaire du Covid-19, appelant \u00e0 vivre cette crise comme un d\u00e9fi commun. \u00abVivre la crise sanitaire du Covid-19 comme un d\u00e9fi collectif et la surmonter comme preuve d\u2019une grande solidarit\u00e9\u00bb tel est [&hellip;]<\/p>\n","protected":false},"author":1760,"featured_media":0,"comment_status":"closed","ping_status":"closed","sticky":false,"template":"","format":"standard","meta":{"fifu_image_url":"","fifu_image_alt":"","footnotes":""},"categories":[73,54],"tags":[],"class_list":["post-98205","post","type-post","status-publish","format-standard","hentry","category-actualite","category-maroc"],"_links":{"self":[{"href":"https:\/\/linitiative.ca\/International\/wp-json\/wp\/v2\/posts\/98205","targetHints":{"allow":["GET"]}}],"collection":[{"href":"https:\/\/linitiative.ca\/International\/wp-json\/wp\/v2\/posts"}],"about":[{"href":"https:\/\/linitiative.ca\/International\/wp-json\/wp\/v2\/types\/post"}],"author":[{"embeddable":true,"href":"https:\/\/linitiative.ca\/International\/wp-json\/wp\/v2\/users\/1760"}],"replies":[{"embeddable":true,"href":"https:\/\/linitiative.ca\/International\/wp-json\/wp\/v2\/comments?post=98205"}],"version-history":[{"count":0,"href":"https:\/\/linitiative.ca\/International\/wp-json\/wp\/v2\/posts\/98205\/revisions"}],"wp:attachment":[{"href":"https:\/\/linitiative.ca\/International\/wp-json\/wp\/v2\/media?parent=98205"}],"wp:term":[{"taxonomy":"category","embeddable":true,"href":"https:\/\/linitiative.ca\/International\/wp-json\/wp\/v2\/categories?post=98205"},{"taxonomy":"post_tag","embeddable":true,"href":"https:\/\/linitiative.ca\/International\/wp-json\/wp\/v2\/tags?post=98205"}],"curies":[{"name":"wp","href":"https:\/\/api.w.org\/{rel}","templated":true}]}}