{"id":98208,"date":"2020-09-08T05:30:00","date_gmt":"2020-09-08T09:30:00","guid":{"rendered":"https:\/\/linitiative.ca\/International\/rehabilitation-de-la-bibliotheque-frantz-fanon-dalger\/"},"modified":"2020-09-08T05:30:00","modified_gmt":"2020-09-08T09:30:00","slug":"rehabilitation-de-la-bibliotheque-frantz-fanon-dalger","status":"publish","type":"post","link":"https:\/\/linitiative.ca\/International\/rehabilitation-de-la-bibliotheque-frantz-fanon-dalger\/","title":{"rendered":"R\u00e9habilitation de la biblioth\u00e8que Frantz-Fanon d\u2019Alger"},"content":{"rendered":"<div id=\"originalText\" readability=\"43\">\n<p>Les travaux de r\u00e9habilitation de\u00a0 la\u00a0 biblioth\u00e8que\u00a0 nationale Frantz-Fanon d\u2019Alger seront bient\u00f4t engag\u00e9s, selon l\u2019Agence nationale de gestion des r\u00e9alisations des grands projets de culture (ARPC), qui\u00a0 vient\u00a0 d\u2019attribuer\u00a0 le\u00a0 march\u00e9\u00a0 \u00e0\u00a0 un\u00a0bureau d\u2019\u00e9tudes charg\u00e9 du suivi et de la restauration de cette grande enceinte culturelle.\u00a0<\/p>\n<p>Selon l\u2019avis d\u2019attribution, un d\u00e9lai de 13 mois est accord\u00e9 \u00e0 ce bureau pour que cette\u00a0 biblioth\u00e8que\u00a0 soit\u00a0 op\u00e9rationnelle.\u00a0 Autrement\u00a0 dit, la r\u00e9ouverture de cette biblioth\u00e8que devra co\u00efncider avec la rentr\u00e9e scolaire et universitaire 2021-2022.<\/p>\n<\/div>\n<div id=\"text_core\" readability=\"43\">\n<p>Les travaux de r\u00e9habilitation de\u00a0 la\u00a0 biblioth\u00e8que\u00a0 nationale Frantz-Fanon d\u2019Alger seront bient\u00f4t engag\u00e9s, selon l\u2019Agence nationale de gestion des r\u00e9alisations des grands projets de culture (ARPC), qui\u00a0 vient\u00a0 d\u2019attribuer\u00a0 le\u00a0 march\u00e9\u00a0 \u00e0\u00a0 un\u00a0bureau d\u2019\u00e9tudes charg\u00e9 du suivi et de la restauration de cette grande enceinte culturelle.\u00a0<\/p>\n<p>Selon l\u2019avis d\u2019attribution, un d\u00e9lai de 13 mois est accord\u00e9 \u00e0 ce bureau pour que cette\u00a0 biblioth\u00e8que\u00a0 soit\u00a0 op\u00e9rationnelle.\u00a0 Autrement\u00a0 dit, la r\u00e9ouverture de cette biblioth\u00e8que devra co\u00efncider avec la rentr\u00e9e scolaire et universitaire 2021-2022.<\/p>\n<\/div>\n<p>Auteur:<br \/>\n<a href=\"https:\/\/www.liberte-algerie.com\/radar\/rehabilitation-de-la-bibliotheque-frantz-fanon-dalger-345138\">Cliquez ici pour lire l&rsquo;article depuis sa source.<\/a><\/p>\n","protected":false},"excerpt":{"rendered":"<p>Les travaux de r\u00e9habilitation de\u00a0 la\u00a0 biblioth\u00e8que\u00a0 nationale Frantz-Fanon d\u2019Alger seront bient\u00f4t engag\u00e9s, selon l\u2019Agence nationale de gestion des r\u00e9alisations des grands projets de culture (ARPC), qui\u00a0 vient\u00a0 d\u2019attribuer\u00a0 le\u00a0 march\u00e9\u00a0 \u00e0\u00a0 un\u00a0bureau d\u2019\u00e9tudes charg\u00e9 du suivi et de la restauration de cette grande enceinte culturelle.\u00a0 Selon l\u2019avis d\u2019attribution, un d\u00e9lai de 13 mois est [&hellip;]<\/p>\n","protected":false},"author":1742,"featured_media":0,"comment_status":"closed","ping_status":"closed","sticky":false,"template":"","format":"standard","meta":{"fifu_image_url":"","fifu_image_alt":"","footnotes":""},"categories":[73,53],"tags":[],"class_list":["post-98208","post","type-post","status-publish","format-standard","hentry","category-actualite","category-algerie"],"_links":{"self":[{"href":"https:\/\/linitiative.ca\/International\/wp-json\/wp\/v2\/posts\/98208","targetHints":{"allow":["GET"]}}],"collection":[{"href":"https:\/\/linitiative.ca\/International\/wp-json\/wp\/v2\/posts"}],"about":[{"href":"https:\/\/linitiative.ca\/International\/wp-json\/wp\/v2\/types\/post"}],"author":[{"embeddable":true,"href":"https:\/\/linitiative.ca\/International\/wp-json\/wp\/v2\/users\/1742"}],"replies":[{"embeddable":true,"href":"https:\/\/linitiative.ca\/International\/wp-json\/wp\/v2\/comments?post=98208"}],"version-history":[{"count":0,"href":"https:\/\/linitiative.ca\/International\/wp-json\/wp\/v2\/posts\/98208\/revisions"}],"wp:attachment":[{"href":"https:\/\/linitiative.ca\/International\/wp-json\/wp\/v2\/media?parent=98208"}],"wp:term":[{"taxonomy":"category","embeddable":true,"href":"https:\/\/linitiative.ca\/International\/wp-json\/wp\/v2\/categories?post=98208"},{"taxonomy":"post_tag","embeddable":true,"href":"https:\/\/linitiative.ca\/International\/wp-json\/wp\/v2\/tags?post=98208"}],"curies":[{"name":"wp","href":"https:\/\/api.w.org\/{rel}","templated":true}]}}