{"id":98209,"date":"2020-09-08T06:09:00","date_gmt":"2020-09-08T10:09:00","guid":{"rendered":"https:\/\/linitiative.ca\/International\/plusieurs-quartiers-de-la-capitale-inondes\/"},"modified":"2020-09-08T06:09:00","modified_gmt":"2020-09-08T10:09:00","slug":"plusieurs-quartiers-de-la-capitale-inondes","status":"publish","type":"post","link":"https:\/\/linitiative.ca\/International\/plusieurs-quartiers-de-la-capitale-inondes\/","title":{"rendered":"Plusieurs quartiers de la capitale inond\u00e9s"},"content":{"rendered":"<div id=\"originalText\" readability=\"79\">\n<p>De fortes pluies accompagn\u00e9es de rafales de vent sous orages, qui se sont abattues dans la soir\u00e9e de lundi \u00e0 mardi, ont provoqu\u00e9 des inondations dans plusieurs quartiers de la capitale.<\/p>\n<p>En effet, les eaux de pluie\u00a0ont envahi plusieurs quartiers d\u2019Alger, notamment dans les communes de Birkhadem, Hussein Dey, Bir Mourad Ra\u00efs\u00a0et Hydra. Des routes ont \u00e9t\u00e9 endommag\u00e9es, des tr\u00e9mies inond\u00e9es et des \u00e9boulements dans certains quartiers ont \u00e9t\u00e9 enregistr\u00e9s, p\u00e9nalisant plusieurs automobilistes. \u00a0<\/p>\n<p>Les vid\u00e9os relay\u00e9es sur les r\u00e9seaux sociaux montrent \u00e9galement des voitures emport\u00e9es et certaines renvers\u00e9es. Pour l\u2019heure, aucun bilan n\u2019a \u00e9t\u00e9 communiqu\u00e9 par la protection civile.<\/p>\n<p><iframe loading=\"lazy\" allow=\"encrypted-media\" allowtransparency=\"true\" frameborder=\"0\" height=\"697\" scrolling=\"no\" src=\"https:\/\/www.facebook.com\/plugins\/post.php?href=https%3A%2F%2Fwww.facebook.com%2FInfotraficalgerie1%2Fposts%2F1640689146091660&amp;show_text=true&amp;width=552&amp;height=697&amp;appId\" class=\"c6\" width=\"552\">[embedded content]<\/iframe><\/p>\n<p>Hier, un bulletin m\u00e9t\u00e9o sp\u00e9cial\u00a0a \u00e9t\u00e9 \u00e9mis par le\u00a0Centre national des pr\u00e9visions m\u00e9t\u00e9orologiques mettant en garde contre une activit\u00e9 pluvio-orageuse pour les wilayas de M\u2019sila, Bordj Bou Arreridj, S\u00e9tif, Mila, Constantine, Guelma, Oum El Bouaghi, Souk-Ahras, Tebessa, Khenchela et Batna.<\/p>\n<p>Les quantit\u00e9s de pluie estim\u00e9es varieront entre 20 et 40 mm, a pr\u00e9cis\u00e9 le BMS. Ces pluies arroseront, dans une seconde \u00e9tape mardi, nombre de wilayas du Centre du pays. Il s&rsquo;agit de Tipasa, Alger, Blida, Boumerdes, Tizi-Ouzou, Bouira, Bejaia, Jijel et Skikda.<\/p>\n<p class=\"c7\"><strong>B.S<\/strong><\/p>\n<\/div>\n<div id=\"text_core\" readability=\"79\">\n<p>De fortes pluies accompagn\u00e9es de rafales de vent sous orages, qui se sont abattues dans la soir\u00e9e de lundi \u00e0 mardi, ont provoqu\u00e9 des inondations dans plusieurs quartiers de la capitale.<\/p>\n<p>En effet, les eaux de pluie\u00a0ont envahi plusieurs quartiers d\u2019Alger, notamment dans les communes de Birkhadem, Hussein Dey, Bir Mourad Ra\u00efs\u00a0et Hydra. Des routes ont \u00e9t\u00e9 endommag\u00e9es, des tr\u00e9mies inond\u00e9es et des \u00e9boulements dans certains quartiers ont \u00e9t\u00e9 enregistr\u00e9s, p\u00e9nalisant plusieurs automobilistes. \u00a0<\/p>\n<p>Les vid\u00e9os relay\u00e9es sur les r\u00e9seaux sociaux montrent \u00e9galement des voitures emport\u00e9es et certaines renvers\u00e9es. Pour l\u2019heure, aucun bilan n\u2019a \u00e9t\u00e9 communiqu\u00e9 par la protection civile.<\/p>\n<p><iframe loading=\"lazy\" allow=\"encrypted-media\" allowtransparency=\"true\" frameborder=\"0\" height=\"697\" scrolling=\"no\" src=\"https:\/\/www.facebook.com\/plugins\/post.php?href=https%3A%2F%2Fwww.facebook.com%2FInfotraficalgerie1%2Fposts%2F1640689146091660&amp;show_text=true&amp;width=552&amp;height=697&amp;appId\" class=\"c6\" width=\"552\">[embedded content]<\/iframe><\/p>\n<p>Hier, un bulletin m\u00e9t\u00e9o sp\u00e9cial\u00a0a \u00e9t\u00e9 \u00e9mis par le\u00a0Centre national des pr\u00e9visions m\u00e9t\u00e9orologiques mettant en garde contre une activit\u00e9 pluvio-orageuse pour les wilayas de M\u2019sila, Bordj Bou Arreridj, S\u00e9tif, Mila, Constantine, Guelma, Oum El Bouaghi, Souk-Ahras, Tebessa, Khenchela et Batna.<\/p>\n<p>Les quantit\u00e9s de pluie estim\u00e9es varieront entre 20 et 40 mm, a pr\u00e9cis\u00e9 le BMS. Ces pluies arroseront, dans une seconde \u00e9tape mardi, nombre de wilayas du Centre du pays. Il s&rsquo;agit de Tipasa, Alger, Blida, Boumerdes, Tizi-Ouzou, Bouira, Bejaia, Jijel et Skikda.<\/p>\n<p class=\"c7\"><strong>B.S<\/strong><\/p>\n<\/div>\n<p>Auteur:<br \/>\n<a href=\"https:\/\/www.liberte-algerie.com\/actualite\/plusieurs-quartiers-de-la-capitale-inondes-345207\">Cliquez ici pour lire l&rsquo;article depuis sa source.<\/a><\/p>\n","protected":false},"excerpt":{"rendered":"<p>De fortes pluies accompagn\u00e9es de rafales de vent sous orages, qui se sont abattues dans la soir\u00e9e de lundi \u00e0 mardi, ont provoqu\u00e9 des inondations dans plusieurs quartiers de la capitale. En effet, les eaux de pluie\u00a0ont envahi plusieurs quartiers d\u2019Alger, notamment dans les communes de Birkhadem, Hussein Dey, Bir Mourad Ra\u00efs\u00a0et Hydra. Des routes [&hellip;]<\/p>\n","protected":false},"author":1742,"featured_media":0,"comment_status":"closed","ping_status":"closed","sticky":false,"template":"","format":"standard","meta":{"fifu_image_url":"","fifu_image_alt":"","footnotes":""},"categories":[73,53],"tags":[],"class_list":["post-98209","post","type-post","status-publish","format-standard","hentry","category-actualite","category-algerie"],"_links":{"self":[{"href":"https:\/\/linitiative.ca\/International\/wp-json\/wp\/v2\/posts\/98209","targetHints":{"allow":["GET"]}}],"collection":[{"href":"https:\/\/linitiative.ca\/International\/wp-json\/wp\/v2\/posts"}],"about":[{"href":"https:\/\/linitiative.ca\/International\/wp-json\/wp\/v2\/types\/post"}],"author":[{"embeddable":true,"href":"https:\/\/linitiative.ca\/International\/wp-json\/wp\/v2\/users\/1742"}],"replies":[{"embeddable":true,"href":"https:\/\/linitiative.ca\/International\/wp-json\/wp\/v2\/comments?post=98209"}],"version-history":[{"count":0,"href":"https:\/\/linitiative.ca\/International\/wp-json\/wp\/v2\/posts\/98209\/revisions"}],"wp:attachment":[{"href":"https:\/\/linitiative.ca\/International\/wp-json\/wp\/v2\/media?parent=98209"}],"wp:term":[{"taxonomy":"category","embeddable":true,"href":"https:\/\/linitiative.ca\/International\/wp-json\/wp\/v2\/categories?post=98209"},{"taxonomy":"post_tag","embeddable":true,"href":"https:\/\/linitiative.ca\/International\/wp-json\/wp\/v2\/tags?post=98209"}],"curies":[{"name":"wp","href":"https:\/\/api.w.org\/{rel}","templated":true}]}}