{"id":98210,"date":"2020-09-08T09:01:00","date_gmt":"2020-09-08T13:01:00","guid":{"rendered":"https:\/\/linitiative.ca\/International\/le-bilan-de-la-protection-civile\/"},"modified":"2020-09-08T09:01:00","modified_gmt":"2020-09-08T13:01:00","slug":"le-bilan-de-la-protection-civile","status":"publish","type":"post","link":"https:\/\/linitiative.ca\/International\/le-bilan-de-la-protection-civile\/","title":{"rendered":"Le bilan de la protection civile"},"content":{"rendered":"<div id=\"originalText\" readability=\"73\">\n<p>Les services de la Protection civile poursuivent\u00a0les op\u00e9rations d&rsquo;intervention pour la r\u00e9ouverture des routes coup\u00e9es et\u00a0tunnels inond\u00e9s par les eaux de pluie, suite aux intemp\u00e9ries enregistr\u00e9es\u00a0durant les derni\u00e8res 24 heures, \u00e0 travers plusieurs wilayas du pays, a appris l&rsquo;APS, ce mardi, aupr\u00e8s du charg\u00e9 de communication \u00e0 la Protection civile, le\u00a0lieutenant Khaled Benkhalfallah.\u00a0<\/p>\n<p>Les \u00e9quipes de la Protection civile sont encore mobilis\u00e9es au niveau de 10\u00a0points situ\u00e9s au niveau des communes de Sidi M&rsquo;hamed, Bir Mourad Rais, Gu\u00e9\u00a0de Constantine, Ch\u00e9raga et Hussein Dey pour rouvrir les routes et tunnels\u00a0inond\u00e9s par les fortes pr\u00e9cipitations enregistr\u00e9es la nuit de lundi \u00e0 mardi\u00a0\u00e0 Alger, causant une congestion routi\u00e8re au niveau de plusieurs voies, a\u00a0pr\u00e9cis\u00e9 M. Benkhalfallah.\u00a0<\/p>\n<p>\u00c0 Alger, les m\u00eames services n&rsquo;ont enregistr\u00e9, jusqu&rsquo;\u00e0 pr\u00e9sent, aucune\u00a0\u00a0<br \/>perte humaine, ni de d\u00e9g\u00e2ts mat\u00e9riels importants, en particulier au niveau\u00a0\u00a0<br \/>des communes abritant d&rsquo;anciennes b\u00e2tisses, a-t-il ajout\u00e9. Cependant,\u00a0\u00e0\u00a0Mila, les services de la Protection civile ont rep\u00each\u00e9 le corps sans vie\u00a0d&rsquo;un enfant \u00e2g\u00e9 de 8 ans emport\u00e9 par les eaux de l&rsquo;oued Oum Cherak, lequel\u00a0a \u00e9t\u00e9 transf\u00e9r\u00e9 \u00e0 la morgue de l&rsquo;h\u00f4pital de Ferdjioua.\u00a0<\/p>\n<p>Du\u00a0c\u00f4t\u00e9 d&rsquo;Oum El Bouaghi, trois personnes \u00e0 bord d&rsquo;un camion bloqu\u00e9 par les eaux\u00a0dans un tunnel \u00e0 l&rsquo;entr\u00e9e de la ville on \u00e9t\u00e9 secourus.\u00a0Tandis qu&rsquo;\u00e0\u00a0Batna, trois v\u00e9hicules inond\u00e9s par l&rsquo;eau de pluie ont \u00e9t\u00e9 extraits,\u00a0selon un communiqu\u00e9 de la Direction g\u00e9n\u00e9rale de la Protection civile.<br \/>\u00a0<\/p>\n<p class=\"c6\"><strong>R\u00e9daction Web<\/strong><\/p>\n<\/div>\n<div id=\"text_core\" readability=\"73\">\n<p>Les services de la Protection civile poursuivent\u00a0les op\u00e9rations d&rsquo;intervention pour la r\u00e9ouverture des routes coup\u00e9es et\u00a0tunnels inond\u00e9s par les eaux de pluie, suite aux intemp\u00e9ries enregistr\u00e9es\u00a0durant les derni\u00e8res 24 heures, \u00e0 travers plusieurs wilayas du pays, a appris l&rsquo;APS, ce mardi, aupr\u00e8s du charg\u00e9 de communication \u00e0 la Protection civile, le\u00a0lieutenant Khaled Benkhalfallah.\u00a0<\/p>\n<p>Les \u00e9quipes de la Protection civile sont encore mobilis\u00e9es au niveau de 10\u00a0points situ\u00e9s au niveau des communes de Sidi M&rsquo;hamed, Bir Mourad Rais, Gu\u00e9\u00a0de Constantine, Ch\u00e9raga et Hussein Dey pour rouvrir les routes et tunnels\u00a0inond\u00e9s par les fortes pr\u00e9cipitations enregistr\u00e9es la nuit de lundi \u00e0 mardi\u00a0\u00e0 Alger, causant une congestion routi\u00e8re au niveau de plusieurs voies, a\u00a0pr\u00e9cis\u00e9 M. Benkhalfallah.\u00a0<\/p>\n<p>\u00c0 Alger, les m\u00eames services n&rsquo;ont enregistr\u00e9, jusqu&rsquo;\u00e0 pr\u00e9sent, aucune\u00a0\u00a0<br \/>perte humaine, ni de d\u00e9g\u00e2ts mat\u00e9riels importants, en particulier au niveau\u00a0\u00a0<br \/>des communes abritant d&rsquo;anciennes b\u00e2tisses, a-t-il ajout\u00e9. Cependant,\u00a0\u00e0\u00a0Mila, les services de la Protection civile ont rep\u00each\u00e9 le corps sans vie\u00a0d&rsquo;un enfant \u00e2g\u00e9 de 8 ans emport\u00e9 par les eaux de l&rsquo;oued Oum Cherak, lequel\u00a0a \u00e9t\u00e9 transf\u00e9r\u00e9 \u00e0 la morgue de l&rsquo;h\u00f4pital de Ferdjioua.\u00a0<\/p>\n<p>Du\u00a0c\u00f4t\u00e9 d&rsquo;Oum El Bouaghi, trois personnes \u00e0 bord d&rsquo;un camion bloqu\u00e9 par les eaux\u00a0dans un tunnel \u00e0 l&rsquo;entr\u00e9e de la ville on \u00e9t\u00e9 secourus.\u00a0Tandis qu&rsquo;\u00e0\u00a0Batna, trois v\u00e9hicules inond\u00e9s par l&rsquo;eau de pluie ont \u00e9t\u00e9 extraits,\u00a0selon un communiqu\u00e9 de la Direction g\u00e9n\u00e9rale de la Protection civile.<br \/>\u00a0<\/p>\n<p class=\"c6\"><strong>R\u00e9daction Web<\/strong><\/p>\n<\/div>\n<p>Auteur:<br \/>\n<a href=\"https:\/\/www.liberte-algerie.com\/a-la-une\/le-bilan-de-la-protection-civile-345208\">Cliquez ici pour lire l&rsquo;article depuis sa source.<\/a><\/p>\n","protected":false},"excerpt":{"rendered":"<p>Les services de la Protection civile poursuivent\u00a0les op\u00e9rations d&rsquo;intervention pour la r\u00e9ouverture des routes coup\u00e9es et\u00a0tunnels inond\u00e9s par les eaux de pluie, suite aux intemp\u00e9ries enregistr\u00e9es\u00a0durant les derni\u00e8res 24 heures, \u00e0 travers plusieurs wilayas du pays, a appris l&rsquo;APS, ce mardi, aupr\u00e8s du charg\u00e9 de communication \u00e0 la Protection civile, le\u00a0lieutenant Khaled Benkhalfallah.\u00a0 Les \u00e9quipes [&hellip;]<\/p>\n","protected":false},"author":1742,"featured_media":0,"comment_status":"closed","ping_status":"closed","sticky":false,"template":"","format":"standard","meta":{"fifu_image_url":"","fifu_image_alt":"","footnotes":""},"categories":[73,53],"tags":[],"class_list":["post-98210","post","type-post","status-publish","format-standard","hentry","category-actualite","category-algerie"],"_links":{"self":[{"href":"https:\/\/linitiative.ca\/International\/wp-json\/wp\/v2\/posts\/98210","targetHints":{"allow":["GET"]}}],"collection":[{"href":"https:\/\/linitiative.ca\/International\/wp-json\/wp\/v2\/posts"}],"about":[{"href":"https:\/\/linitiative.ca\/International\/wp-json\/wp\/v2\/types\/post"}],"author":[{"embeddable":true,"href":"https:\/\/linitiative.ca\/International\/wp-json\/wp\/v2\/users\/1742"}],"replies":[{"embeddable":true,"href":"https:\/\/linitiative.ca\/International\/wp-json\/wp\/v2\/comments?post=98210"}],"version-history":[{"count":0,"href":"https:\/\/linitiative.ca\/International\/wp-json\/wp\/v2\/posts\/98210\/revisions"}],"wp:attachment":[{"href":"https:\/\/linitiative.ca\/International\/wp-json\/wp\/v2\/media?parent=98210"}],"wp:term":[{"taxonomy":"category","embeddable":true,"href":"https:\/\/linitiative.ca\/International\/wp-json\/wp\/v2\/categories?post=98210"},{"taxonomy":"post_tag","embeddable":true,"href":"https:\/\/linitiative.ca\/International\/wp-json\/wp\/v2\/tags?post=98210"}],"curies":[{"name":"wp","href":"https:\/\/api.w.org\/{rel}","templated":true}]}}