{"id":98211,"date":"2020-09-08T10:42:00","date_gmt":"2020-09-08T14:42:00","guid":{"rendered":"https:\/\/linitiative.ca\/International\/4-ans-de-prison-ferme-et-50-000-da-damende-requis-contre-khaled-drareni\/"},"modified":"2020-09-08T10:42:00","modified_gmt":"2020-09-08T14:42:00","slug":"4-ans-de-prison-ferme-et-50-000-da-damende-requis-contre-khaled-drareni","status":"publish","type":"post","link":"https:\/\/linitiative.ca\/International\/4-ans-de-prison-ferme-et-50-000-da-damende-requis-contre-khaled-drareni\/","title":{"rendered":"4 ans de prison ferme et 50 000 da d\u2019amende requis contre Khaled Drareni"},"content":{"rendered":"<div id=\"originalText\" readability=\"52\">\n<p>Le procureur a requis, ce mardi,\u00a0quatre\u00a0ans de prison ferme et 50\u00a0000 da d\u2019amande \u00e0 l&rsquo;encontre du journaliste Khaled Drareni, des militants Samir Benlarbi et Slimane Hamitouche, jug\u00e9s en appel \u00e0 la Cour d&rsquo;Alger.<\/p>\n<p>Khaled Drareni qui a \u00e9t\u00e9 condamn\u00e9 \u00e0 trois ans de prison ferme,\u00a0le 10 ao\u00fbt dernier, a rejet\u00e9 les accusations port\u00e9es contre lui,\u00a0affirmant que \u00ab\u00a0depuis le premier jour, je n&rsquo;ai fait que mon m\u00e9tier de journaliste. Je\u00a0suis l\u00e0 parce que j&rsquo;ai couvert le Hirak\u00a0en toute ind\u00e9pendance\u00a0\u00bb, s&rsquo;est d\u00e9fendu\u00a0\u00e0 l&rsquo;audience, a rapport\u00e9 l&rsquo;AFP.<\/p>\n<p>Il n&rsquo;est pas certain que le verdict soit rendu aujourd&rsquo;hui\u00a0puisqu&rsquo;une trentaine\u00a0d&rsquo;avocats doivent plaid\u00e9.<\/p>\n<p class=\"c6\"><strong>R\u00e9daction Web<\/strong><\/p>\n<\/div>\n<div id=\"text_core\" readability=\"52\">\n<p>Le procureur a requis, ce mardi,\u00a0quatre\u00a0ans de prison ferme et 50\u00a0000 da d\u2019amande \u00e0 l&rsquo;encontre du journaliste Khaled Drareni, des militants Samir Benlarbi et Slimane Hamitouche, jug\u00e9s en appel \u00e0 la Cour d&rsquo;Alger.<\/p>\n<p>Khaled Drareni qui a \u00e9t\u00e9 condamn\u00e9 \u00e0 trois ans de prison ferme,\u00a0le 10 ao\u00fbt dernier, a rejet\u00e9 les accusations port\u00e9es contre lui,\u00a0affirmant que \u00ab\u00a0depuis le premier jour, je n&rsquo;ai fait que mon m\u00e9tier de journaliste. Je\u00a0suis l\u00e0 parce que j&rsquo;ai couvert le Hirak\u00a0en toute ind\u00e9pendance\u00a0\u00bb, s&rsquo;est d\u00e9fendu\u00a0\u00e0 l&rsquo;audience, a rapport\u00e9 l&rsquo;AFP.<\/p>\n<p>Il n&rsquo;est pas certain que le verdict soit rendu aujourd&rsquo;hui\u00a0puisqu&rsquo;une trentaine\u00a0d&rsquo;avocats doivent plaid\u00e9.<\/p>\n<p class=\"c6\"><strong>R\u00e9daction Web<\/strong><\/p>\n<\/div>\n<p>Auteur:<br \/>\n<a href=\"https:\/\/www.liberte-algerie.com\/actualite\/4-ans-de-prison-ferme-et-50-000-da-damende-requis-contre-khaled-drareni-345209\">Cliquez ici pour lire l&rsquo;article depuis sa source.<\/a><\/p>\n","protected":false},"excerpt":{"rendered":"<p>Le procureur a requis, ce mardi,\u00a0quatre\u00a0ans de prison ferme et 50\u00a0000 da d\u2019amande \u00e0 l&rsquo;encontre du journaliste Khaled Drareni, des militants Samir Benlarbi et Slimane Hamitouche, jug\u00e9s en appel \u00e0 la Cour d&rsquo;Alger. Khaled Drareni qui a \u00e9t\u00e9 condamn\u00e9 \u00e0 trois ans de prison ferme,\u00a0le 10 ao\u00fbt dernier, a rejet\u00e9 les accusations port\u00e9es contre lui,\u00a0affirmant [&hellip;]<\/p>\n","protected":false},"author":1742,"featured_media":0,"comment_status":"closed","ping_status":"closed","sticky":false,"template":"","format":"standard","meta":{"fifu_image_url":"","fifu_image_alt":"","footnotes":""},"categories":[73,53],"tags":[],"class_list":["post-98211","post","type-post","status-publish","format-standard","hentry","category-actualite","category-algerie"],"_links":{"self":[{"href":"https:\/\/linitiative.ca\/International\/wp-json\/wp\/v2\/posts\/98211","targetHints":{"allow":["GET"]}}],"collection":[{"href":"https:\/\/linitiative.ca\/International\/wp-json\/wp\/v2\/posts"}],"about":[{"href":"https:\/\/linitiative.ca\/International\/wp-json\/wp\/v2\/types\/post"}],"author":[{"embeddable":true,"href":"https:\/\/linitiative.ca\/International\/wp-json\/wp\/v2\/users\/1742"}],"replies":[{"embeddable":true,"href":"https:\/\/linitiative.ca\/International\/wp-json\/wp\/v2\/comments?post=98211"}],"version-history":[{"count":0,"href":"https:\/\/linitiative.ca\/International\/wp-json\/wp\/v2\/posts\/98211\/revisions"}],"wp:attachment":[{"href":"https:\/\/linitiative.ca\/International\/wp-json\/wp\/v2\/media?parent=98211"}],"wp:term":[{"taxonomy":"category","embeddable":true,"href":"https:\/\/linitiative.ca\/International\/wp-json\/wp\/v2\/categories?post=98211"},{"taxonomy":"post_tag","embeddable":true,"href":"https:\/\/linitiative.ca\/International\/wp-json\/wp\/v2\/tags?post=98211"}],"curies":[{"name":"wp","href":"https:\/\/api.w.org\/{rel}","templated":true}]}}