{"id":98214,"date":"2020-09-08T06:44:48","date_gmt":"2020-09-08T10:44:48","guid":{"rendered":"https:\/\/linitiative.ca\/International\/rentree-scolaire-2020-2021-reussie-en-depit-de-la-pandemie-covid-19\/"},"modified":"2020-09-08T06:44:48","modified_gmt":"2020-09-08T10:44:48","slug":"rentree-scolaire-2020-2021-reussie-en-depit-de-la-pandemie-covid-19","status":"publish","type":"post","link":"https:\/\/linitiative.ca\/International\/rentree-scolaire-2020-2021-reussie-en-depit-de-la-pandemie-covid-19\/","title":{"rendered":"Rentr\u00e9e scolaire 2020-2021 \u00ab\u00a0r\u00e9ussie\u00a0\u00bb en d\u00e9pit de la pand\u00e9mie Covid-19"},"content":{"rendered":"<div readability=\"36\">\n<p>Chichaoua \u2013 Le d\u00e9marrage des cours au titre de l\u2019ann\u00e9e scolaire 2020-2021 s\u2019est fait de mani\u00e8re \u00ab\u00a0effective\u00a0\u00bb et \u00ab\u00a0r\u00e9ussie\u00a0\u00bb au sein des diff\u00e9rents \u00e9tablissements scolaires relevant de la province de Chichaoua, indique-t-on aupr\u00e8s de la Direction provinciale de l\u2019\u00e9ducation nationale.<\/p>\n<\/div>\n<div readability=\"116\">\n<p>Cette rentr\u00e9e scolaire s\u2019est d\u00e9roul\u00e9e dans le respect le plus scrupuleux des diff\u00e9rentes mesures sanitaires et pr\u00e9ventives d\u00e9cr\u00e9t\u00e9es par les autorit\u00e9s comp\u00e9tentes pour enrayer la propagation de la pand\u00e9mie de la Covid-19, et en application stricte de la note minist\u00e9rielle 39-20 r\u00e9gissant les diff\u00e9rentes \u00e9tapes relatives \u00e0 la rentr\u00e9e scolaire.<\/p>\n<p>Pr\u00e9vue jusqu\u2019au 9 septembre, cette rentr\u00e9e scolaire se d\u00e9cline en une s\u00e9rie de rencontres de communication \u00e0 laquelle les apprenants, abstraction faite du mod\u00e8le d\u2019enseignement choisi (enseignement pr\u00e9sentiel ou \u00e0 distance), sont tenus d\u2019assister, occasion d\u2019obtenir une s\u00e9rie d\u2019informations utiles et de se familiariser au mieux avec le dispositif de s\u00e9curit\u00e9 sanitaire et de pr\u00e9vention mis en place par le minist\u00e8re de tutelle dans le cadre de ses efforts visant \u00e0 enrayer la propagation de la Covid-19.<\/p>\n<p>Dans ce cadre, le gouverneur de la province de Chichaoua, M. Bouabid El Guerab, a visit\u00e9 une s\u00e9rie d\u2019\u00e9tablissements scolaires, dont l\u2019\u00e9cole Azzahra, le groupe scolaire N\u2019zala, ainsi que l\u2019\u00e9cole Al Boussayri, afin de s\u2019arr\u00eater de pr\u00e8s sur la bonne application de l\u2019ensemble des mesures du protocole mis en place pour assurer la s\u00e9curit\u00e9 sanitaire des apprenants.<\/p>\n<p>Et afin d\u2019assurer plein succ\u00e8s \u00e0 cette rentr\u00e9e scolaire et permettre une meilleure protection de la s\u00e9curit\u00e9 sanitaire des apprenants, ainsi que des cadres administratifs et du corps professoral, une batterie de mesures ont \u00e9t\u00e9 prises par les autorit\u00e9s provinciales, la direction provinciale de l\u2019Education nationale, la Direction provinciale de la Sant\u00e9, entre autres, une large campagne de d\u00e9sinfection et de st\u00e9rilisation de l\u2019ensemble des \u00e9tablissements scolaires relevant de la province, ainsi que leurs d\u00e9pendances, installations et \u00e9quipements.<\/p>\n<p>De m\u00eame en coordination avec les associations des parents et des tuteurs d\u2019\u00e9l\u00e8ves, il a \u00e9t\u00e9 proc\u00e9d\u00e9 \u00e0 une large campagne de sensibilisation et de conscientisation des apprenants quant \u00e0 l\u2019importance de l\u2019observation m\u00e9ticuleuse des mesures barri\u00e8res au sein des \u00e9tablissements scolaires comme \u00e0 l\u2019ext\u00e9rieur, dont le port obligatoire des bavettes, la distanciation physique, le lavage et d\u00e9sinfection des mains, outre l\u2019interdiction des rassemblements inutiles.<\/p>\n<p>Pour se faire et conform\u00e9ment aux directives du minist\u00e8re de l\u2019Education nationale, il a \u00e9t\u00e9 proc\u00e9d\u00e9 au sein de l\u2019ensemble des \u00e9tablissements scolaires au niveau de la province de Chichaoua, \u00e0 la mise en place de panneaux et d\u2019\u00e9tiquettes de d\u00e9marquage anti-Covid, avec l\u2019am\u00e9nagement de circuits (entr\u00e9e, sortie..) afin d\u2019assurer la fluidit\u00e9 des d\u00e9placements et \u00e9viter la promiscuit\u00e9 au sein des \u00e9tablissements scolaires.<\/p>\n<p>Par ailleurs, suite aux diff\u00e9rentes concertations entre le comit\u00e9 technique en charge de la gestion de l\u2019actuelle rentr\u00e9e scolaire \u00e0 l\u2019\u00e9chelle provinciale, et l\u2019ensemble des parties concern\u00e9es par la question \u00e9ducative, il a \u00e9t\u00e9 d\u00e9cid\u00e9 l\u2019adoption sur l\u2019ensemble du territoire de la province, du mode d\u2019enseignement pr\u00e9sentiel en alternance avec auto-apprentissage.<\/p>\n<p>Cette d\u00e9cision a \u00e9t\u00e9 prise suite \u00e0 une \u00e9valuation minutieuse de la situation \u00e9pid\u00e9miologique au niveau de cette province, pr\u00e9cise la direction provinciale de l\u2019Education nationale, notant que l\u2019ensemble des directeurs des diff\u00e9rents \u00e9tablissements scolaires, des cadres p\u00e9dagogiques et administratifs, et sur la base des conclusions fournies par les autorit\u00e9s comp\u00e9tentes, demeurent mobilis\u00e9s \u00e0 prendre toutes les mesures urgentes qui s\u2019imposent et ce, en fonction de l\u2019\u00e9volution de la situation \u00e9pid\u00e9miologique.<\/p>\n<p>Dans ce sens, la Direction provinciale de l\u2019Education nationale a re\u00e7u des formulaires d\u00fbment remplis par les parents et tuteurs d\u2019\u00e9l\u00e8ves optant pour l\u2019enseignement en pr\u00e9sentiel et proc\u00e8dera dans le cadre d\u2019un comit\u00e9 pr\u00e9sid\u00e9 par le gouverneur de la province, \u00e0 leur examen et validation.<\/p>\n<\/div>\n<p>Auteur: Meriem IGASS<br \/>\n<a href=\"http:\/\/www.mapmarrakech.ma\/fr\/rentree-scolaire-2020-2021-reussie-en-depit-de-la-conjoncture-liee-a-la-covid-19\/\">Cliquez ici pour lire l&rsquo;article depuis sa source.<\/a><\/p>\n","protected":false},"excerpt":{"rendered":"<p>Chichaoua \u2013 Le d\u00e9marrage des cours au titre de l\u2019ann\u00e9e scolaire 2020-2021 s\u2019est fait de mani\u00e8re \u00ab\u00a0effective\u00a0\u00bb et \u00ab\u00a0r\u00e9ussie\u00a0\u00bb au sein des diff\u00e9rents \u00e9tablissements scolaires relevant de la province de Chichaoua, indique-t-on aupr\u00e8s de la Direction provinciale de l\u2019\u00e9ducation nationale. Cette rentr\u00e9e scolaire s\u2019est d\u00e9roul\u00e9e dans le respect le plus scrupuleux des diff\u00e9rentes mesures sanitaires [&hellip;]<\/p>\n","protected":false},"author":1788,"featured_media":0,"comment_status":"closed","ping_status":"closed","sticky":false,"template":"","format":"standard","meta":{"fifu_image_url":"","fifu_image_alt":"","footnotes":""},"categories":[54,76],"tags":[],"class_list":["post-98214","post","type-post","status-publish","format-standard","hentry","category-maroc","category-regions"],"_links":{"self":[{"href":"https:\/\/linitiative.ca\/International\/wp-json\/wp\/v2\/posts\/98214","targetHints":{"allow":["GET"]}}],"collection":[{"href":"https:\/\/linitiative.ca\/International\/wp-json\/wp\/v2\/posts"}],"about":[{"href":"https:\/\/linitiative.ca\/International\/wp-json\/wp\/v2\/types\/post"}],"author":[{"embeddable":true,"href":"https:\/\/linitiative.ca\/International\/wp-json\/wp\/v2\/users\/1788"}],"replies":[{"embeddable":true,"href":"https:\/\/linitiative.ca\/International\/wp-json\/wp\/v2\/comments?post=98214"}],"version-history":[{"count":0,"href":"https:\/\/linitiative.ca\/International\/wp-json\/wp\/v2\/posts\/98214\/revisions"}],"wp:attachment":[{"href":"https:\/\/linitiative.ca\/International\/wp-json\/wp\/v2\/media?parent=98214"}],"wp:term":[{"taxonomy":"category","embeddable":true,"href":"https:\/\/linitiative.ca\/International\/wp-json\/wp\/v2\/categories?post=98214"},{"taxonomy":"post_tag","embeddable":true,"href":"https:\/\/linitiative.ca\/International\/wp-json\/wp\/v2\/tags?post=98214"}],"curies":[{"name":"wp","href":"https:\/\/api.w.org\/{rel}","templated":true}]}}