{"id":98215,"date":"2020-09-08T07:00:33","date_gmt":"2020-09-08T11:00:33","guid":{"rendered":"https:\/\/linitiative.ca\/International\/focus-sur-la-situation-epidemiologique-et-la-rentree-scolaire\/"},"modified":"2020-09-08T07:00:33","modified_gmt":"2020-09-08T11:00:33","slug":"focus-sur-la-situation-epidemiologique-et-la-rentree-scolaire","status":"publish","type":"post","link":"https:\/\/linitiative.ca\/International\/focus-sur-la-situation-epidemiologique-et-la-rentree-scolaire\/","title":{"rendered":"Focus sur la situation \u00e9pid\u00e9miologique et la rentr\u00e9e scolaire"},"content":{"rendered":"<div readability=\"36\">\n<p>El Kel\u00e2a des Sraghna \u2013 Une r\u00e9union de travail consacr\u00e9e \u00e0 l\u2019examen de l\u2019\u00e9volution de la situation \u00e9pid\u00e9miologique li\u00e9e au coronavirus ainsi que des mesures pr\u00e9ventives adopt\u00e9es dans le cadre de l\u2019actuelle rentr\u00e9e scolaire 2020- 2021, a \u00e9t\u00e9 tenue lundi au si\u00e8ge de la pr\u00e9fecture de la province d\u2019El Kela\u00e2 des Sraghna.<\/p>\n<\/div>\n<div readability=\"117\">\n<p>Tenue en pr\u00e9sence notamment du gouverneur de la province, M. Hicham Smahi, et de l\u2019ensemble des parties concern\u00e9es, cette r\u00e9union a \u00e9t\u00e9 l\u2019occasion de s\u2019attarder sur les nouveaut\u00e9s li\u00e9es \u00e0 la situation \u00e9pid\u00e9miologique au niveau de la province, avec un accent sur l\u2019accentuation des campagnes de sensibilisation, ainsi que sur les moyens \u00e0 mettre en oeuvre pour assurer la r\u00e9ussite de l\u2019actuelle rentr\u00e9e scolaire et des examens universitaires.<\/p>\n<p>A l\u2019entame de cette rencontre, le gouverneur a insist\u00e9 sur la n\u00e9cessit\u00e9 de faire de la protection de la s\u00e9curit\u00e9 sanitaire des \u00e9tudiants, des \u00e9l\u00e8ves, des enseignants et des cadres administratifs la priorit\u00e9 des priorit\u00e9s, appelant les autorit\u00e9s locales \u00e0 assurer un meilleur accompagnement \u00e0 cette op\u00e9ration afin de mieux enrayer la propagation de la Covid-19.<\/p>\n<p>Dans la m\u00eame lign\u00e9e, M. Smahi a exhort\u00e9 les pr\u00e9sidents des collectivit\u00e9s territoriales ainsi que les autorit\u00e9s locales, chacun selon ses comp\u00e9tences et pr\u00e9rogatives, \u00e0 veiller \u00e0 l\u2019encadrement des campagnes de sensibilisation li\u00e9es aux mesures pr\u00e9ventives contre la Covid-19, sugg\u00e9rant dans ce sens, la cons\u00e9cration d\u2019une journ\u00e9e par semaine pour mener \u00e0 bien cette initiative sur l\u2019ensemble du territoire de la province.<\/p>\n<p>Par la suite, le d\u00e9l\u00e9gu\u00e9 provincial de la Sant\u00e9 par int\u00e9rim, M. Youn\u00e8s Lakrik a pr\u00e9sent\u00e9 un expos\u00e9 d\u00e9taill\u00e9 sur la situation \u00e9pid\u00e9miologique au niveau de la province, avec un accent sur le bilan cumul\u00e9 des nouveaux cas positifs, du nombre des r\u00e9missions ainsi que des d\u00e9c\u00e8s au niveau de cette partie du territoire national.<\/p>\n<p>Le responsable n\u2019a pas manqu\u00e9 de souligner l\u2019importance de promouvoir le volet li\u00e9 \u00e0 la sensibilisation (d\u00e9sinfection et st\u00e9rilisation, port obligatoire des masques de protection, et la distanciation physique) dans les rangs des citoyens, notamment \u00e0 la ville d\u2019El Kela\u00e2 des Sraghna, en vue d\u2019endiguer la recrudescence des cas de contaminations, notamment durant cette p\u00e9riode de la rentr\u00e9e scolaire.<\/p>\n<p>De son c\u00f4t\u00e9, le directeur provincial de l\u2019Education nationale, El-Alami El-Koraichi, a pr\u00e9sent\u00e9 un expos\u00e9 exhaustif sur la panoplie des r\u00e8gles et mesures adopt\u00e9es par la direction provinciale en vue de r\u00e9ussir l\u2019actuelle rentr\u00e9e scolaire et ce, \u00e0 la lumi\u00e8re de la mise en application stricte de la note minist\u00e9rielle 39-20 li\u00e9e \u00e0 la gestion des diff\u00e9rentes \u00e9tapes li\u00e9es \u00e0 la rentr\u00e9e scolaire.<\/p>\n<p>Cette notre minist\u00e9rielle se fixe pour objectifs majeurs de mieux lutter contre la propagation de la pand\u00e9mie du coronavirus en milieu scolaire et ce, via la mise en application d\u2019un protocole sanitaire strict qui tient compte de la s\u00e9curit\u00e9 sanitaire de l\u2019ensemble des intervenants dans le processus \u00e9ducatif, \u00e0 savoir les cadres administratifs, les enseignants et les apprenants.<\/p>\n<p>Sur un autre registre, le gouverneur a exhort\u00e9 les pr\u00e9sidents des collectivit\u00e9s territoriales pr\u00e9sents lors de cette r\u00e9union, a accompagner la direction provinciale de l\u2019Education nationale dans la mise en application du protocole pr\u00e9ventif \u00e0 travers la mise \u00e0 sa disposition des produits d\u00e9sinfectants, et la garantie du transport pour les \u00e9tudiants issus des communes rurales dans le but de faciliter leur d\u00e9placement \u00e0 El Kela\u00e2 des Sraghna o\u00f9, ils devront passer leurs examens universitaires.<\/p>\n<p>Pour leur part, les pr\u00e9sidents des collectivit\u00e9s territoriales ont fait part de leur engagement constant \u00e0 adh\u00e9rer \u00e0 l\u2019ensemble des efforts men\u00e9s \u00e0 l\u2019\u00e9chelle provinciale en vue de lutter contre la pand\u00e9mie et garantir plein succ\u00e8s \u00e0 l\u2019actuelle rentr\u00e9e scolaire dans ses diff\u00e9rentes \u00e9tapes, tout en veillant \u00e0 garantir le d\u00e9roulement des examens universitaires dans d\u2019excellentes conditions.<\/p>\n<p>Au terme de cette r\u00e9union, il a \u00e9t\u00e9 d\u00e9cid\u00e9 de d\u00e9cr\u00e9ter le jeudi de chaque semaine comme journ\u00e9e de sensibilisation sur l\u2019ensemble du territoire de la province et ce, en coordination avec les autorit\u00e9s locales.<\/p>\n<\/div>\n<p>Auteur: Meriem IGASS<br \/>\n<a href=\"http:\/\/www.mapmarrakech.ma\/fr\/focus-sur-la-situation-epidemiologique-et-la-rentree-scolaire-2020-2021\/\">Cliquez ici pour lire l&rsquo;article depuis sa source.<\/a><\/p>\n","protected":false},"excerpt":{"rendered":"<p>El Kel\u00e2a des Sraghna \u2013 Une r\u00e9union de travail consacr\u00e9e \u00e0 l\u2019examen de l\u2019\u00e9volution de la situation \u00e9pid\u00e9miologique li\u00e9e au coronavirus ainsi que des mesures pr\u00e9ventives adopt\u00e9es dans le cadre de l\u2019actuelle rentr\u00e9e scolaire 2020- 2021, a \u00e9t\u00e9 tenue lundi au si\u00e8ge de la pr\u00e9fecture de la province d\u2019El Kela\u00e2 des Sraghna. Tenue en pr\u00e9sence [&hellip;]<\/p>\n","protected":false},"author":1788,"featured_media":0,"comment_status":"closed","ping_status":"closed","sticky":false,"template":"","format":"standard","meta":{"fifu_image_url":"","fifu_image_alt":"","footnotes":""},"categories":[54,76],"tags":[],"class_list":["post-98215","post","type-post","status-publish","format-standard","hentry","category-maroc","category-regions"],"_links":{"self":[{"href":"https:\/\/linitiative.ca\/International\/wp-json\/wp\/v2\/posts\/98215","targetHints":{"allow":["GET"]}}],"collection":[{"href":"https:\/\/linitiative.ca\/International\/wp-json\/wp\/v2\/posts"}],"about":[{"href":"https:\/\/linitiative.ca\/International\/wp-json\/wp\/v2\/types\/post"}],"author":[{"embeddable":true,"href":"https:\/\/linitiative.ca\/International\/wp-json\/wp\/v2\/users\/1788"}],"replies":[{"embeddable":true,"href":"https:\/\/linitiative.ca\/International\/wp-json\/wp\/v2\/comments?post=98215"}],"version-history":[{"count":0,"href":"https:\/\/linitiative.ca\/International\/wp-json\/wp\/v2\/posts\/98215\/revisions"}],"wp:attachment":[{"href":"https:\/\/linitiative.ca\/International\/wp-json\/wp\/v2\/media?parent=98215"}],"wp:term":[{"taxonomy":"category","embeddable":true,"href":"https:\/\/linitiative.ca\/International\/wp-json\/wp\/v2\/categories?post=98215"},{"taxonomy":"post_tag","embeddable":true,"href":"https:\/\/linitiative.ca\/International\/wp-json\/wp\/v2\/tags?post=98215"}],"curies":[{"name":"wp","href":"https:\/\/api.w.org\/{rel}","templated":true}]}}