{"id":98216,"date":"2020-09-08T10:24:26","date_gmt":"2020-09-08T14:24:26","guid":{"rendered":"https:\/\/linitiative.ca\/International\/ouverture-des-inscriptions-dans-les-centres-de-la-deuxieme-chance\/"},"modified":"2020-09-08T10:24:26","modified_gmt":"2020-09-08T14:24:26","slug":"ouverture-des-inscriptions-dans-les-centres-de-la-deuxieme-chance","status":"publish","type":"post","link":"https:\/\/linitiative.ca\/International\/ouverture-des-inscriptions-dans-les-centres-de-la-deuxieme-chance\/","title":{"rendered":"Ouverture des inscriptions dans les centres de la deuxi\u00e8me chance"},"content":{"rendered":"<div class=\"single-featured\"><img alt=\"\" data-src=\"http:\/\/www.mapmarrakech.ma\/map\/uploads\/2020\/09\/direction-de-l&#xE9;ducation-al-haouz-copier.jpg\"\/><\/div>\n<div class=\"single-post-excerpt post-excerpt-bc\" readability=\"38\">\n<p>Tahanaout (province d\u2019Al Haouz) \u2013 La Direction provinciale de l\u2019\u00e9ducation nationale \u00e0 Al Haouz a annonc\u00e9, lundi, l\u2019ouverture des inscriptions dans les centres de la deuxi\u00e8me chance au profit des \u00e9l\u00e8ves, \u00e2g\u00e9s de 9 \u00e0 16 ans et ayant abandonn\u00e9 l\u2019\u00e9cole au niveau des cycles primaire et coll\u00e9gial.<\/p>\n<\/div>\n<div class=\"entry-content clearfix single-post-content\" readability=\"54\">\n<p>Dans un communiqu\u00e9, la Direction provinciale informe ainsi les \u00e9l\u00e8ves d\u00e9sirant b\u00e9n\u00e9ficier de ce programme de se rendre \u00e0 son si\u00e8ge ou de prendre contact avec les associations charg\u00e9es de la gestion de ces centres, munis des documents requis (demande manuscrite, deux photos et un certificat d\u00e9terminant leur niveau de scolarit\u00e9).<\/p>\n<p>Par ailleurs, la m\u00eame source rel\u00e8ve que ces centres de la deuxi\u00e8me chance au niveau de la province seront g\u00e9r\u00e9s par les associations \u00ab\u00a0Massar\u00a0\u00bb pour le d\u00e9veloppement, l\u2019\u00e9ducation et la formation dans la r\u00e9gion de Marrakech-Safi et \u00ab\u00a0Al Manahil\u00a0\u00bb pour l\u2019\u00e9ducation, la culture et l\u2019art (bureau provincial d\u2019Al Haouz).<\/p>\n<p>Les centres de la deuxi\u00e8me chance, qui s\u2019assignent pour mission la requalification p\u00e9dagogique pour l\u2019int\u00e9gration dans les \u00e9tablissements scolaires ordinaires, s\u2019inscrivent dans le cadre de la vision strat\u00e9gique 2015-2030 visant \u00e0 lutter contre la d\u00e9perdition scolaire, \u00e0 encourager l\u2019\u00e9ducation non formelle et \u00e0 donner aux jeunes ayant abandonn\u00e9 l\u2019\u00e9cole une seconde chance de r\u00e9ussite et de formation.<\/p>\n<\/div>\n<p>Auteur: Meriem IGASS<br \/>\n<a href=\"http:\/\/www.mapmarrakech.ma\/fr\/ouverture-des-inscriptions-dans-les-centres-de-la-deuxieme-chance\/\">Cliquez ici pour lire l&rsquo;article depuis sa source.<\/a><\/p>\n","protected":false},"excerpt":{"rendered":"<p>Tahanaout (province d\u2019Al Haouz) \u2013 La Direction provinciale de l\u2019\u00e9ducation nationale \u00e0 Al Haouz a annonc\u00e9, lundi, l\u2019ouverture des inscriptions dans les centres de la deuxi\u00e8me chance au profit des \u00e9l\u00e8ves, \u00e2g\u00e9s de 9 \u00e0 16 ans et ayant abandonn\u00e9 l\u2019\u00e9cole au niveau des cycles primaire et coll\u00e9gial. Dans un communiqu\u00e9, la Direction provinciale informe [&hellip;]<\/p>\n","protected":false},"author":1788,"featured_media":98217,"comment_status":"closed","ping_status":"closed","sticky":false,"template":"","format":"standard","meta":{"fifu_image_url":"","fifu_image_alt":"","footnotes":""},"categories":[54,76],"tags":[],"class_list":["post-98216","post","type-post","status-publish","format-standard","has-post-thumbnail","hentry","category-maroc","category-regions"],"_links":{"self":[{"href":"https:\/\/linitiative.ca\/International\/wp-json\/wp\/v2\/posts\/98216","targetHints":{"allow":["GET"]}}],"collection":[{"href":"https:\/\/linitiative.ca\/International\/wp-json\/wp\/v2\/posts"}],"about":[{"href":"https:\/\/linitiative.ca\/International\/wp-json\/wp\/v2\/types\/post"}],"author":[{"embeddable":true,"href":"https:\/\/linitiative.ca\/International\/wp-json\/wp\/v2\/users\/1788"}],"replies":[{"embeddable":true,"href":"https:\/\/linitiative.ca\/International\/wp-json\/wp\/v2\/comments?post=98216"}],"version-history":[{"count":0,"href":"https:\/\/linitiative.ca\/International\/wp-json\/wp\/v2\/posts\/98216\/revisions"}],"wp:featuredmedia":[{"embeddable":true,"href":"https:\/\/linitiative.ca\/International\/wp-json\/"}],"wp:attachment":[{"href":"https:\/\/linitiative.ca\/International\/wp-json\/wp\/v2\/media?parent=98216"}],"wp:term":[{"taxonomy":"category","embeddable":true,"href":"https:\/\/linitiative.ca\/International\/wp-json\/wp\/v2\/categories?post=98216"},{"taxonomy":"post_tag","embeddable":true,"href":"https:\/\/linitiative.ca\/International\/wp-json\/wp\/v2\/tags?post=98216"}],"curies":[{"name":"wp","href":"https:\/\/api.w.org\/{rel}","templated":true}]}}