{"id":98220,"date":"2020-09-08T05:37:54","date_gmt":"2020-09-08T09:37:54","guid":{"rendered":"https:\/\/linitiative.ca\/International\/alger-demantelement-dune-bande-de-malfaiteurs-activant-sur-les-reseaux-sociaux\/"},"modified":"2020-09-08T05:37:54","modified_gmt":"2020-09-08T09:37:54","slug":"alger-demantelement-dune-bande-de-malfaiteurs-activant-sur-les-reseaux-sociaux","status":"publish","type":"post","link":"https:\/\/linitiative.ca\/International\/alger-demantelement-dune-bande-de-malfaiteurs-activant-sur-les-reseaux-sociaux\/","title":{"rendered":"Alger: d\u00e9mant\u00e8lement d\u2019une bande de malfaiteurs activant sur les r\u00e9seaux sociaux"},"content":{"rendered":"<p><span class=\"sp-nh-title\">Installation de la commission pour la r\u00e9forme du livre<\/span> &#8211; <span class=\"sp-nh-date\">mardi 8 septembre 2020 19:04<\/span><\/p>\n<p><span class=\"sp-nh-title\">Covid-19: la stabilit\u00e9 relative du nombre de cas ne veut pas dire renoncer aux r\u00e8gles de pr\u00e9vention<\/span> &#8211; <span class=\"sp-nh-date\">mardi 8 septembre 2020 18:59<\/span><\/p>\n<p><span class=\"sp-nh-title\">Fuites de l&rsquo;ol\u00e9oduc OK1 \u00e0 El Oued: acc\u00e8s internet haut d\u00e9bit pour les \u00e9quipes techniques de Sonatrach<\/span> &#8211; <span class=\"sp-nh-date\">mardi 8 septembre 2020 18:51<\/span><\/p>\n<p><span class=\"sp-nh-title\">Energie: Attar souligne l\u2019imp\u00e9ratif d\u2019acc\u00e9l\u00e9rer le renouvellement du syst\u00e8me \u00e9lectrique<\/span> &#8211; <span class=\"sp-nh-date\">mardi 8 septembre 2020 18:41<\/span><\/p>\n<p><span class=\"sp-nh-title\">L\u2019ENIEM projette d&rsquo;exporter ses produits vers les pays du Sahel<\/span> &#8211; <span class=\"sp-nh-date\">mardi 8 septembre 2020 18:29<\/span><\/p>\n<p><span class=\"sp-nh-title\">Covid-19: pr\u00e8s de 100 d\u00e9c\u00e8s parmi le personnel de sant\u00e9<\/span> &#8211; <span class=\"sp-nh-date\">mardi 8 septembre 2020 18:24<\/span><\/p>\n<p><span class=\"sp-nh-title\">Le projet de r\u00e9vision constitutionnelle instaure un Etat moderne s\u00e9parant l&rsquo;argent de la politique<\/span> &#8211; <span class=\"sp-nh-date\">mardi 8 septembre 2020 18:05<\/span><\/p>\n<p><span class=\"sp-nh-title\">Une base logistique pour la promotion du commerce ext\u00e9rieur<\/span> &#8211; <span class=\"sp-nh-date\">mardi 8 septembre 2020 17:55<\/span><\/p>\n<p><span class=\"sp-nh-title\">Coronavirus: 285 nouveaux cas, 198 gu\u00e9risons et 9 d\u00e9c\u00e8s<\/span> &#8211; <span class=\"sp-nh-date\">mardi 8 septembre 2020 17:46<\/span><\/p>\n<p><span class=\"sp-nh-title\">L&rsquo;ONG WSRW appelle \u00e0 la lib\u00e9ration imm\u00e9diate des prisonniers de Gdeim Izik<\/span> &#8211; <span class=\"sp-nh-date\">mardi 8 septembre 2020 17:43<\/span><\/p>\n<p><span class=\"sp-nh-title\">Arezki inspecte les travaux de r\u00e9paration du collecteur d&rsquo;Oued Kniss<\/span> &#8211; <span class=\"sp-nh-date\">mardi 8 septembre 2020 17:21<\/span><\/p>\n<p><span class=\"sp-nh-title\">Un protocole sanitaire pour le r\u00e9f\u00e9rendum sur la r\u00e9vision constitutionnelle sign\u00e9<\/span> &#8211; <span class=\"sp-nh-date\">mardi 8 septembre 2020 16:58<\/span><\/p>\n<p><span class=\"sp-nh-title\">Tamanrasset: Mustapha Koriche prend officiellement ses fonctions \u00e0 la t\u00eate de la wilaya<\/span> &#8211; <span class=\"sp-nh-date\">mardi 8 septembre 2020 16:57<\/span><\/p>\n<p><span class=\"sp-nh-title\">D\u00e9veloppement des champs p\u00e9troliers et gaziers: plusieurs accords sign\u00e9s<\/span> &#8211; <span class=\"sp-nh-date\">mardi 8 septembre 2020 16:25<\/span><\/p>\n<p><span class=\"sp-nh-title\">Cour d&rsquo;Alger: ouverture du proc\u00e8s en appel dans l&rsquo;affaire de Khaled Drareni<\/span> &#8211; <span class=\"sp-nh-date\">mardi 8 septembre 2020 16:13<\/span><\/p>\n<p><span class=\"sp-nh-title\">Fuite de l&rsquo;ol\u00e9oduc OK1 \u00e0 El-Oued: aucun impact sur les eaux sous-terraines<\/span> &#8211; <span class=\"sp-nh-date\">mardi 8 septembre 2020 16:05<\/span><\/p>\n<p><span class=\"sp-nh-title\">AfroBasket-2021 \/ Alg\u00e9rie : le s\u00e9lectionneur national tire la sonnette d&rsquo;alarme<\/span> &#8211; <span class=\"sp-nh-date\">mardi 8 septembre 2020 15:56<\/span><\/p>\n<p><span class=\"sp-nh-title\">Protection civile: poursuite des interventions pour rouvrir les routes et tunnels inond\u00e9s<\/span> &#8211; <span class=\"sp-nh-date\">mardi 8 septembre 2020 15:45<\/span><\/p>\n<p><span class=\"sp-nh-title\">Startups : le programme Innovate Algeria lanc\u00e9<\/span> &#8211; <span class=\"sp-nh-date\">mardi 8 septembre 2020 15:32<\/span><\/p>\n<p><span class=\"sp-nh-title\">Des artistes africains et am\u00e9ricains en r\u00e9sidence artistique \u00e0 Taghit en f\u00e9vrier prochain<\/span> &#8211; <span class=\"sp-nh-date\">mardi 8 septembre 2020 15:19<\/span><\/p>\n<p>Auteur:<br \/>\n<a href=\"http:\/\/www.aps.dz\/regions\/109445-alger-demantelement-d-une-bande-de-malfaiteurs-activant-sur-les-reseaux-sociaux\">Cliquez ici pour lire l&rsquo;article depuis sa source.<\/a><\/p>\n","protected":false},"excerpt":{"rendered":"<p>Installation de la commission pour la r\u00e9forme du livre &#8211; mardi 8 septembre 2020 19:04 Covid-19: la stabilit\u00e9 relative du nombre de cas ne veut pas dire renoncer aux r\u00e8gles de pr\u00e9vention &#8211; mardi 8 septembre 2020 18:59 Fuites de l&rsquo;ol\u00e9oduc OK1 \u00e0 El Oued: acc\u00e8s internet haut d\u00e9bit pour les \u00e9quipes techniques de Sonatrach [&hellip;]<\/p>\n","protected":false},"author":1790,"featured_media":0,"comment_status":"closed","ping_status":"closed","sticky":false,"template":"","format":"standard","meta":{"fifu_image_url":"","fifu_image_alt":"","footnotes":""},"categories":[53,76],"tags":[],"class_list":["post-98220","post","type-post","status-publish","format-standard","hentry","category-algerie","category-regions"],"_links":{"self":[{"href":"https:\/\/linitiative.ca\/International\/wp-json\/wp\/v2\/posts\/98220","targetHints":{"allow":["GET"]}}],"collection":[{"href":"https:\/\/linitiative.ca\/International\/wp-json\/wp\/v2\/posts"}],"about":[{"href":"https:\/\/linitiative.ca\/International\/wp-json\/wp\/v2\/types\/post"}],"author":[{"embeddable":true,"href":"https:\/\/linitiative.ca\/International\/wp-json\/wp\/v2\/users\/1790"}],"replies":[{"embeddable":true,"href":"https:\/\/linitiative.ca\/International\/wp-json\/wp\/v2\/comments?post=98220"}],"version-history":[{"count":0,"href":"https:\/\/linitiative.ca\/International\/wp-json\/wp\/v2\/posts\/98220\/revisions"}],"wp:attachment":[{"href":"https:\/\/linitiative.ca\/International\/wp-json\/wp\/v2\/media?parent=98220"}],"wp:term":[{"taxonomy":"category","embeddable":true,"href":"https:\/\/linitiative.ca\/International\/wp-json\/wp\/v2\/categories?post=98220"},{"taxonomy":"post_tag","embeddable":true,"href":"https:\/\/linitiative.ca\/International\/wp-json\/wp\/v2\/tags?post=98220"}],"curies":[{"name":"wp","href":"https:\/\/api.w.org\/{rel}","templated":true}]}}