{"id":98221,"date":"2020-09-08T11:05:26","date_gmt":"2020-09-08T15:05:26","guid":{"rendered":"https:\/\/linitiative.ca\/International\/fuite-de-loleoduc-ok1-a-el-oued-aucun-impact-sur-les-eaux-sous-terraines\/"},"modified":"2020-09-08T11:05:26","modified_gmt":"2020-09-08T15:05:26","slug":"fuite-de-loleoduc-ok1-a-el-oued-aucun-impact-sur-les-eaux-sous-terraines","status":"publish","type":"post","link":"https:\/\/linitiative.ca\/International\/fuite-de-loleoduc-ok1-a-el-oued-aucun-impact-sur-les-eaux-sous-terraines\/","title":{"rendered":"Fuite de l&rsquo;ol\u00e9oduc OK1 \u00e0 El-Oued: aucun impact sur les eaux sous-terraines"},"content":{"rendered":"<div readability=\"36\">\n<p><strong>ALGER- Aucun impact n&rsquo;a \u00e9t\u00e9 enregistr\u00e9 sur les eaux sous-terraines \u00e0 ce jour suite \u00e0 la fuite au niveau de l&rsquo;ol\u00e9oduc OK1 \u00e0 El-Oued, a assur\u00e9 mardi \u00e0 Alger le P-dg de Sonatrach, Tewfik Hakkar.<\/strong><\/p>\n<\/div>\n<div readability=\"76.125306122449\">\n<p>Lors d&rsquo;un point de presse en marge de la c\u00e9r\u00e9monie de signature de plusieurs contrats entre Sonatrach et des entreprises alg\u00e9riennes, M. Hakkar a fait savoir que les eaux souterraines n&rsquo;ont enregistr\u00e9 \u00ab\u00a0aucun impact\u00a0\u00bb \u00e0 ce jour suite \u00e0 la fuite au niveau de l&rsquo;ol\u00e9oduc OK1 \u00e0 El-Oued, survenue jeudi dernier, et dont le pompage a repris depuis lundi matin.<\/p>\n<blockquote readability=\"7\">\n<p><strong><em>\u00ab\u00a0Nous allons suivre cette op\u00e9ration de fa\u00e7on r\u00e9guli\u00e8re pendant une ann\u00e9e afin d&rsquo;assurer la s\u00e9curit\u00e9 des eaux et offrir le traitement n\u00e9cessaire en cas d&rsquo;impact\u00a0\u00bb, a-t-il soulign\u00e9.<\/em><\/strong><\/p>\n<\/blockquote>\n<p>Selon M. Hakkar, \u00ab\u00a0le pompage de p\u00e9trole brut a repris avant m\u00eame la fin du d\u00e9lai pr\u00e9vu\u00a0\u00bb. Il a ainsi tenu \u00e0 f\u00e9liciter les \u00e9quipes \u00ab\u00a0qui ont travaill\u00e9 sur place sans interruption, \u00e0 leur t\u00eate un groupe de cadres de l&rsquo;activit\u00e9 de transport par canalisation qui ont veill\u00e9 sur cette op\u00e9ration jusqu&rsquo;\u00e0 72 heures de suite pour certains\u00a0\u00bb.<\/p>\n<p>\u00ab\u00a0Aujourd&rsquo;hui tous les efforts sont concentr\u00e9s dans le traitement des effets de cette fuite\u00a0\u00bb, a assur\u00e9 le P-dg de Sonatrach, indiquant que des \u00e9quipes ont \u00e9t\u00e9 d\u00e9p\u00each\u00e9es pour contenir les effets de ces fuites sur pr\u00e8s de 30 km.<\/p>\n<blockquote readability=\"8\">\n<p><em><strong>\u00ab\u00a0Nous travaillons au suivi de ces fuites et leur absorption via les outils et capacit\u00e9s que nous avons d\u00e9ploy\u00e9s sur place. Il s&rsquo;agira par la suite de traiter ces effets gr\u00e2ce aux produits chimiques n\u00e9cessaires\u00a0\u00bb, a-t-il expliqu\u00e9.<\/strong><\/em><\/p>\n<\/blockquote>\n<hr\/>\n<h3 class=\"catItemTitle\">Lire aussi:\u00a0<a href=\"http:\/\/www.aps.dz\/economie\/109411-fuite-de-l-oleoduc-ok1-a-el-oued-fin-de-l-operation-de-maintenance-et-reprise-du-pompage-de-petrole\">Fuite de l&rsquo;ol\u00e9oduc OK1 \u00e0 El-Oued: fin de l&rsquo;op\u00e9ration de maintenance et reprise du pompage de p\u00e9trole<\/a><\/h3>\n<hr\/>\n<p>Depuis le d\u00e9but de la fuite, d&rsquo;importants moyens et filiales du Groupe ont \u00e9t\u00e9 mobilis\u00e9s pour l&rsquo;absorption et l&rsquo;aspiration des eaux pollu\u00e9es le long de l&rsquo;oued, le traitement de toutes les flaques d&rsquo;eau contamin\u00e9es et le terrassement de certains tron\u00e7ons qui feront l&rsquo;objet de traitement par des unit\u00e9s sp\u00e9cialis\u00e9es de l&rsquo;entreprise.<\/p>\n<p>De plus, M. Hakkar a fait savoir que les responsables de Sonatrach se rendront \u00e0 nouveau sur place prochainement pour suivre les op\u00e9rations en compagnie des autorit\u00e9s locales.<\/p>\n<p>Pour rappel, deux fuites sont survenues jeudi dernier au niveau du pipeline OK1 dans la r\u00e9gion d&rsquo;El Baaj (El Oued), reliant le bassin rouge (Hassi Messaoud) et Skikda.<\/p>\n<p>La premi\u00e8re fuite a \u00e9t\u00e9 enregistr\u00e9e \u00e0 la sortie de la station de pompage SP2 \u00e0 Djamaa, dans la commune d&rsquo;El Oued, point 190 + 200 (PK), tandis que la deuxi\u00e8me fuite a \u00e9t\u00e9 enregistr\u00e9e au point PK 263 dans la r\u00e9gion d&rsquo;Al-Baaj, dans la wilaya d\u00e9l\u00e9gu\u00e9e d&rsquo;El M&rsquo;gheir.\u00a0<\/p>\n<\/div>\n<p>Auteur:<br \/>\n<a href=\"http:\/\/www.aps.dz\/regions\/109466-fuite-de-l-oleoduc-ok1-a-el-oued-aucun-impact-sur-les-eaux-sous-terraines\">Cliquez ici pour lire l&rsquo;article depuis sa source.<\/a><\/p>\n","protected":false},"excerpt":{"rendered":"<p>ALGER- Aucun impact n&rsquo;a \u00e9t\u00e9 enregistr\u00e9 sur les eaux sous-terraines \u00e0 ce jour suite \u00e0 la fuite au niveau de l&rsquo;ol\u00e9oduc OK1 \u00e0 El-Oued, a assur\u00e9 mardi \u00e0 Alger le P-dg de Sonatrach, Tewfik Hakkar. Lors d&rsquo;un point de presse en marge de la c\u00e9r\u00e9monie de signature de plusieurs contrats entre Sonatrach et des entreprises [&hellip;]<\/p>\n","protected":false},"author":1790,"featured_media":0,"comment_status":"closed","ping_status":"closed","sticky":false,"template":"","format":"standard","meta":{"fifu_image_url":"","fifu_image_alt":"","footnotes":""},"categories":[53,76],"tags":[],"class_list":["post-98221","post","type-post","status-publish","format-standard","hentry","category-algerie","category-regions"],"_links":{"self":[{"href":"https:\/\/linitiative.ca\/International\/wp-json\/wp\/v2\/posts\/98221","targetHints":{"allow":["GET"]}}],"collection":[{"href":"https:\/\/linitiative.ca\/International\/wp-json\/wp\/v2\/posts"}],"about":[{"href":"https:\/\/linitiative.ca\/International\/wp-json\/wp\/v2\/types\/post"}],"author":[{"embeddable":true,"href":"https:\/\/linitiative.ca\/International\/wp-json\/wp\/v2\/users\/1790"}],"replies":[{"embeddable":true,"href":"https:\/\/linitiative.ca\/International\/wp-json\/wp\/v2\/comments?post=98221"}],"version-history":[{"count":0,"href":"https:\/\/linitiative.ca\/International\/wp-json\/wp\/v2\/posts\/98221\/revisions"}],"wp:attachment":[{"href":"https:\/\/linitiative.ca\/International\/wp-json\/wp\/v2\/media?parent=98221"}],"wp:term":[{"taxonomy":"category","embeddable":true,"href":"https:\/\/linitiative.ca\/International\/wp-json\/wp\/v2\/categories?post=98221"},{"taxonomy":"post_tag","embeddable":true,"href":"https:\/\/linitiative.ca\/International\/wp-json\/wp\/v2\/tags?post=98221"}],"curies":[{"name":"wp","href":"https:\/\/api.w.org\/{rel}","templated":true}]}}