{"id":98224,"date":"2020-09-08T09:57:11","date_gmt":"2020-09-08T13:57:11","guid":{"rendered":"https:\/\/linitiative.ca\/International\/bientot-une-federation-des-commerces-en-reseau\/"},"modified":"2020-09-08T09:57:11","modified_gmt":"2020-09-08T13:57:11","slug":"bientot-une-federation-des-commerces-en-reseau","status":"publish","type":"post","link":"https:\/\/linitiative.ca\/International\/bientot-une-federation-des-commerces-en-reseau\/","title":{"rendered":"Bient\u00f4t une F\u00e9d\u00e9ration des commerces en r\u00e9seau"},"content":{"rendered":"<div class=\"body\">\n<div class=\"field field-name-body field-type-text-with-summary field-label-hidden\">\n<div class=\"field-items\" readability=\"14\">\n<div class=\"field-item even\" property=\"content:encoded\" readability=\"23\">\n<p class=\"rtejustify\">De grandes entreprises s\u2019activent actuellement pour cr\u00e9er une f\u00e9d\u00e9ration d\u00e9di\u00e9e au commerce en r\u00e9seau. Parmi les initiateurs de ce projet figurent le groupe Aksal, Kitea, Cosmos, Electroplanet, Mode &amp; Nuages (franchis\u00e9 Kiabi, Best Financi\u00e8re), Mercure International Of Morocco\u2026 Les statuts de la f\u00e9d\u00e9ration sont d\u00e9j\u00e0 pr\u00eats. La nouvelle entit\u00e9, qui ne va pas tarder \u00e0 int\u00e9grer la CGEM, compte plancher sur le r\u00e9am\u00e9nagement des droits de douane, le butoir de TVA, la taxe professionnelle, la taxe sur les enseignes, la r\u00e8glementation des soldes, la contrebande\u2026 La F\u00e9d\u00e9ration compte \u00e9galement s\u2019attaquer \u00e0 la subvention de certaines enseignes \u00e9trang\u00e8res.<br \/><em>H.E.<\/em><\/p>\n<\/div>\n<\/div>\n<\/div>\n<\/div>\n<div class=\"eco-conseil\">\n<div class=\"view view-eco-conseil-16 view-id-eco_conseil_16 view-display-id-cookies view-dom-id-b0d2e437873390a230331b069c9c5fbc\">\n<div class=\"view-content\">\n<div id=\"views-bootstrap-grid-1\" class=\"views-bootstrap-grid-plugin-style\">\n<div class=\"row\">\n<div class=\" col-xs-12 col-lg-4\">\n<div class=\"row\">\n<div class=\"col col-xs-12 col-lg-12\">\n<div class=\"field-content\"><a href=\"\/article\/1066886-affaire-al-hoceima-greve-de-la-faim\"><img loading=\"lazy\" decoding=\"async\" class=\"img-responsive\" typeof=\"foaf:Image\" src=\"https:\/\/www.leconomiste.com\/sites\/default\/files\/eco7\/public\/styles\/800x400\/public\/default_images\/default_une.jpg?itok=4jZlgnIZ\" width=\"660\" height=\"330\" alt=\"\"\/><\/a><\/div>\n<\/div>\n<div class=\" title_suite_2 col col-xs-12 col-lg-12\"> <a href=\"\/article\/1066886-affaire-al-hoceima-greve-de-la-faim\"\/><span class=\"field-content\">Affaire Al Hoce\u00efma: Gr\u00e8ve de la faim<\/span><\/div>\n<\/div>\n<\/div>\n<div class=\" col-xs-12 col-lg-4\">\n<div class=\"row\">\n<div class=\"col col-xs-12 col-lg-12\">\n<div class=\"field-content\"><a href=\"\/article\/1066885-festivals-l-effet-devastateur-du-coronavirus\"><img loading=\"lazy\" decoding=\"async\" class=\"img-responsive\" typeof=\"foaf:Image\" src=\"https:\/\/www.leconomiste.com\/sites\/default\/files\/eco7\/public\/styles\/800x400\/public\/default_images\/default_une.jpg?itok=4jZlgnIZ\" width=\"660\" height=\"330\" alt=\"\"\/><\/a><\/div>\n<\/div>\n<div class=\" title_suite_2 col col-xs-12 col-lg-12\"> <a href=\"\/article\/1066885-festivals-l-effet-devastateur-du-coronavirus\"\/><span class=\"field-content\">Festivals: L&rsquo;effet d\u00e9vastateur du coronavirus<\/span><\/div>\n<\/div>\n<\/div>\n<div class=\" col-xs-12 col-lg-4\">\n<div class=\"row\">\n<div class=\"col col-xs-12 col-lg-12\">\n<div class=\"field-content\"><a href=\"\/article\/1066884-douane-l-application-diwnati-arrive\"><img loading=\"lazy\" decoding=\"async\" class=\"img-responsive\" typeof=\"foaf:Image\" src=\"https:\/\/www.leconomiste.com\/sites\/default\/files\/eco7\/public\/styles\/800x400\/public\/default_images\/default_une.jpg?itok=4jZlgnIZ\" width=\"660\" height=\"330\" alt=\"\"\/><\/a><\/div>\n<\/div>\n<div class=\" title_suite_2 col col-xs-12 col-lg-12\"> <a href=\"\/article\/1066884-douane-l-application-diwnati-arrive\"\/><span class=\"field-content\">Douane: L&rsquo;application <span class=\"__cf_email__\" data-cfemail=\"bffbd6c8ffd1decbd6\">[email\u00a0protected]<\/span> arrive<\/span><\/div>\n<\/div>\n<\/div>\n<\/div>\n<\/div>\n<\/div>\n<\/div>\n<\/div>\n<p>Auteur: hlafriqi<br \/>\n<a href=\"https:\/\/www.leconomiste.com\/article\/1066881-bientot-une-federation-des-commerces-en-reseau\">Cliquez ici pour lire l&rsquo;article depuis sa source.<\/a><\/p>\n","protected":false},"excerpt":{"rendered":"<p>De grandes entreprises s\u2019activent actuellement pour cr\u00e9er une f\u00e9d\u00e9ration d\u00e9di\u00e9e au commerce en r\u00e9seau. Parmi les initiateurs de ce projet figurent le groupe Aksal, Kitea, Cosmos, Electroplanet, Mode &amp; Nuages (franchis\u00e9 Kiabi, Best Financi\u00e8re), Mercure International Of Morocco\u2026 Les statuts de la f\u00e9d\u00e9ration sont d\u00e9j\u00e0 pr\u00eats. La nouvelle entit\u00e9, qui ne va pas tarder \u00e0 [&hellip;]<\/p>\n","protected":false},"author":1763,"featured_media":0,"comment_status":"closed","ping_status":"closed","sticky":false,"template":"","format":"standard","meta":{"fifu_image_url":"","fifu_image_alt":"","footnotes":""},"categories":[78,54],"tags":[],"class_list":["post-98224","post","type-post","status-publish","format-standard","hentry","category-economie","category-maroc"],"_links":{"self":[{"href":"https:\/\/linitiative.ca\/International\/wp-json\/wp\/v2\/posts\/98224","targetHints":{"allow":["GET"]}}],"collection":[{"href":"https:\/\/linitiative.ca\/International\/wp-json\/wp\/v2\/posts"}],"about":[{"href":"https:\/\/linitiative.ca\/International\/wp-json\/wp\/v2\/types\/post"}],"author":[{"embeddable":true,"href":"https:\/\/linitiative.ca\/International\/wp-json\/wp\/v2\/users\/1763"}],"replies":[{"embeddable":true,"href":"https:\/\/linitiative.ca\/International\/wp-json\/wp\/v2\/comments?post=98224"}],"version-history":[{"count":0,"href":"https:\/\/linitiative.ca\/International\/wp-json\/wp\/v2\/posts\/98224\/revisions"}],"wp:attachment":[{"href":"https:\/\/linitiative.ca\/International\/wp-json\/wp\/v2\/media?parent=98224"}],"wp:term":[{"taxonomy":"category","embeddable":true,"href":"https:\/\/linitiative.ca\/International\/wp-json\/wp\/v2\/categories?post=98224"},{"taxonomy":"post_tag","embeddable":true,"href":"https:\/\/linitiative.ca\/International\/wp-json\/wp\/v2\/tags?post=98224"}],"curies":[{"name":"wp","href":"https:\/\/api.w.org\/{rel}","templated":true}]}}