{"id":98227,"date":"2020-09-08T10:00:09","date_gmt":"2020-09-08T14:00:09","guid":{"rendered":"https:\/\/linitiative.ca\/International\/festivals-leffet-devastateur-du-coronavirus\/"},"modified":"2020-09-08T10:00:09","modified_gmt":"2020-09-08T14:00:09","slug":"festivals-leffet-devastateur-du-coronavirus","status":"publish","type":"post","link":"https:\/\/linitiative.ca\/International\/festivals-leffet-devastateur-du-coronavirus\/","title":{"rendered":"Festivals: L&rsquo;effet d\u00e9vastateur du coronavirus"},"content":{"rendered":"<div class=\"body\">\n<div class=\"field field-name-body field-type-text-with-summary field-label-hidden\">\n<div class=\"field-items\" readability=\"12\">\n<div class=\"field-item even\" property=\"content:encoded\" readability=\"19\">\n<p class=\"rtejustify\">Au vu des circonstances actuelles et des mesures d\u2019urgence sanitaires pour contrer le Covid-19, l&rsquo;Association EAC-L\u2019BOULVART annule l\u2019\u00e9dition 2020 de ses festivals de musique. A savoir L\u2019Boulevard et street-art Sbagha Bagha \u00e0 Casablanca ainsi que Jidar, toiles de rue \u00e0 Rabat. Par ailleurs, le centre de musiques actuelles, Le Boultek bas\u00e9 \u00e0 Casablanca, est \u00e0 l&rsquo;arr\u00eat. Ni concerts, ni r\u00e9p\u00e9titions, ni r\u00e9sidences\u00a0 artistiques. D&rsquo;autres \u00e9v\u00e9nements, comme le Festival international du film de Marrakech, ont \u00e9t\u00e9 annul\u00e9s \u00e0 cause des risques sanitaires.<br \/><em>F.F.\u00a0\u00a0\u00a0\u00a0 <\/em><\/p>\n<\/div>\n<\/div>\n<\/div>\n<\/div>\n<div class=\"eco-conseil\">\n<div class=\"view view-eco-conseil-16 view-id-eco_conseil_16 view-display-id-cookies view-dom-id-77418b407050ca9de3bc7060abf9d0c7\">\n<div class=\"view-content\">\n<div id=\"views-bootstrap-grid-1\" class=\"views-bootstrap-grid-plugin-style\">\n<div class=\"row\">\n<div class=\" col-xs-12 col-lg-4\">\n<div class=\"row\">\n<div class=\"col col-xs-12 col-lg-12\">\n<div class=\"field-content\"><a href=\"\/article\/1066886-affaire-al-hoceima-greve-de-la-faim\"><img loading=\"lazy\" decoding=\"async\" class=\"img-responsive\" typeof=\"foaf:Image\" src=\"https:\/\/www.leconomiste.com\/sites\/default\/files\/eco7\/public\/styles\/800x400\/public\/default_images\/default_une.jpg?itok=4jZlgnIZ\" width=\"660\" height=\"330\" alt=\"\"\/><\/a><\/div>\n<\/div>\n<div class=\" title_suite_2 col col-xs-12 col-lg-12\"> <a href=\"\/article\/1066886-affaire-al-hoceima-greve-de-la-faim\"\/><span class=\"field-content\">Affaire Al Hoce\u00efma: Gr\u00e8ve de la faim<\/span><\/div>\n<\/div>\n<\/div>\n<div class=\" col-xs-12 col-lg-4\">\n<div class=\"row\">\n<div class=\"col col-xs-12 col-lg-12\">\n<div class=\"field-content\"><a href=\"\/article\/1066884-douane-l-application-diwnati-arrive\"><img loading=\"lazy\" decoding=\"async\" class=\"img-responsive\" typeof=\"foaf:Image\" src=\"https:\/\/www.leconomiste.com\/sites\/default\/files\/eco7\/public\/styles\/800x400\/public\/default_images\/default_une.jpg?itok=4jZlgnIZ\" width=\"660\" height=\"330\" alt=\"\"\/><\/a><\/div>\n<\/div>\n<div class=\" title_suite_2 col col-xs-12 col-lg-12\"> <a href=\"\/article\/1066884-douane-l-application-diwnati-arrive\"\/><span class=\"field-content\">Douane: L&rsquo;application <span class=\"__cf_email__\" data-cfemail=\"185c716f5876796c71\">[email\u00a0protected]<\/span> arrive<\/span><\/div>\n<\/div>\n<\/div>\n<div class=\" col-xs-12 col-lg-4\">\n<div class=\"row\">\n<div class=\"col col-xs-12 col-lg-12\">\n<div class=\"field-content\"><a href=\"\/article\/1066883-deux-nouveaux-flagships-pour-huawei\"><img loading=\"lazy\" decoding=\"async\" class=\"img-responsive\" typeof=\"foaf:Image\" src=\"https:\/\/www.leconomiste.com\/sites\/default\/files\/eco7\/public\/styles\/800x400\/public\/default_images\/default_une.jpg?itok=4jZlgnIZ\" width=\"660\" height=\"330\" alt=\"\"\/><\/a><\/div>\n<\/div>\n<div class=\" title_suite_2 col col-xs-12 col-lg-12\"> <a href=\"\/article\/1066883-deux-nouveaux-flagships-pour-huawei\"\/><span class=\"field-content\">Deux nouveaux flagships pour Huawei<\/span><\/div>\n<\/div>\n<\/div>\n<\/div>\n<\/div>\n<\/div>\n<\/div>\n<\/div>\n<p>Auteur: hlafriqi<br \/>\n<a href=\"https:\/\/www.leconomiste.com\/article\/1066885-festivals-l-effet-devastateur-du-coronavirus\">Cliquez ici pour lire l&rsquo;article depuis sa source.<\/a><\/p>\n","protected":false},"excerpt":{"rendered":"<p>Au vu des circonstances actuelles et des mesures d\u2019urgence sanitaires pour contrer le Covid-19, l&rsquo;Association EAC-L\u2019BOULVART annule l\u2019\u00e9dition 2020 de ses festivals de musique. A savoir L\u2019Boulevard et street-art Sbagha Bagha \u00e0 Casablanca ainsi que Jidar, toiles de rue \u00e0 Rabat. Par ailleurs, le centre de musiques actuelles, Le Boultek bas\u00e9 \u00e0 Casablanca, est \u00e0 [&hellip;]<\/p>\n","protected":false},"author":1763,"featured_media":0,"comment_status":"closed","ping_status":"closed","sticky":false,"template":"","format":"standard","meta":{"fifu_image_url":"","fifu_image_alt":"","footnotes":""},"categories":[78,54],"tags":[],"class_list":["post-98227","post","type-post","status-publish","format-standard","hentry","category-economie","category-maroc"],"_links":{"self":[{"href":"https:\/\/linitiative.ca\/International\/wp-json\/wp\/v2\/posts\/98227","targetHints":{"allow":["GET"]}}],"collection":[{"href":"https:\/\/linitiative.ca\/International\/wp-json\/wp\/v2\/posts"}],"about":[{"href":"https:\/\/linitiative.ca\/International\/wp-json\/wp\/v2\/types\/post"}],"author":[{"embeddable":true,"href":"https:\/\/linitiative.ca\/International\/wp-json\/wp\/v2\/users\/1763"}],"replies":[{"embeddable":true,"href":"https:\/\/linitiative.ca\/International\/wp-json\/wp\/v2\/comments?post=98227"}],"version-history":[{"count":0,"href":"https:\/\/linitiative.ca\/International\/wp-json\/wp\/v2\/posts\/98227\/revisions"}],"wp:attachment":[{"href":"https:\/\/linitiative.ca\/International\/wp-json\/wp\/v2\/media?parent=98227"}],"wp:term":[{"taxonomy":"category","embeddable":true,"href":"https:\/\/linitiative.ca\/International\/wp-json\/wp\/v2\/categories?post=98227"},{"taxonomy":"post_tag","embeddable":true,"href":"https:\/\/linitiative.ca\/International\/wp-json\/wp\/v2\/tags?post=98227"}],"curies":[{"name":"wp","href":"https:\/\/api.w.org\/{rel}","templated":true}]}}